{"id":88686,"date":"2022-10-07T17:35:56","date_gmt":"2022-10-07T20:35:56","guid":{"rendered":"https:\/\/blogdoedvaldomagalhaes.com.br\/?p=88686"},"modified":"2022-10-07T17:35:58","modified_gmt":"2022-10-07T20:35:58","slug":"caruaru-realiza-campanha-municipal-de-multivacinacao","status":"publish","type":"post","link":"https:\/\/blogdoedvaldomagalhaes.com.br\/index.php\/2022\/10\/07\/caruaru-realiza-campanha-municipal-de-multivacinacao\/","title":{"rendered":"Caruaru realiza Campanha Municipal de Multivacina\u00e7\u00e3o"},"content":{"rendered":"<p style=\"text-align: justify;\"><span style=\"color: initial; font-size: revert;\">Com objetivo de aumentar as coberturas vacinais dos imunizantes que integram o calend\u00e1rio de vacina\u00e7\u00e3o de rotina do Minist\u00e9rio da Sa\u00fade (MS), a Secretaria de Sa\u00fade de Caruaru realiza a Campanha Municipal de Multivacina\u00e7\u00e3o, que acontece de 10 a 22 de outubro.<\/span><\/p>\n<p style=\"text-align: justify;\">A campanha tem como p\u00fablico-alvo as crian\u00e7as e adolescentes de at\u00e9 14 anos, 11 meses e 29 dias e tem como objetivo a atualiza\u00e7\u00e3o da caderneta vacinal para proteger as crin\u00e7as contra doen\u00e7as como: catapora, rub\u00e9ola, sarampo, rotav\u00edrus, Covid-19, entre outras doen\u00e7as.<\/p>\n<p style=\"text-align: justify;\">Caruaru j\u00e1 atingiu a cobertura vacinal preconizada pelo MS para a vacina de poliomielite, que \u00e9 de 95%, mas, segundo a coordenadora do PNI Caruaru, Tatiane Lino, outras metas precisam ser alcan\u00e7adas.\u201cAvan\u00e7amos na vacina\u00e7\u00e3o contra a paralisia infantil, mas existem um monte de outras vacinas que previnem contra doen\u00e7as importantes e que correm o risco de reaparecerem devido a baixa procura pela vacina\u00e7\u00e3o. Para evitar isso, nossa meta \u00e9 melhorar a cobertura de vacinal de todas as vacinas que fazem parte do calend\u00e1rio de vacina\u00e7\u00e3o de rotina do Minist\u00e9rio da Sa\u00fade\u201d, explicou Tatiane.<\/p>\n<p style=\"text-align: justify;\">Para vacinar as crian\u00e7as, basta comparecer a um dos locais de vacina\u00e7\u00e3o com o cart\u00e3o SUS ou CPF e a caderneta de vacina\u00e7\u00e3o da crian\u00e7a. As vacinas estar\u00e3o dispon\u00edveis em todas as Unidades B\u00e1sicas de Sa\u00fade (UBS) da zona urbana, das 8h \u00e0s 16h, e na zona rural, das 8h \u00e0s 15h.<\/p>\n<p style=\"text-align: justify;\">Al\u00e9m disso, a campanha segue acontecendo nas escolas e creches da rede municipal de ensino. Nestes casos, tamb\u00e9m ser\u00e1 solicitado o termo de consentimento da vacina\u00e7\u00e3o, que ser\u00e1 disponibilizado pela unidade de ensino e dever\u00e1 ser assinado pelos pais ou respons\u00e1veis pelo aluno. Foto: Elvis \u00c9dson<\/p>\n","protected":false},"excerpt":{"rendered":"<p>Com objetivo de aumentar as coberturas vacinais dos imunizantes que integram o calend\u00e1rio de vacina\u00e7\u00e3o de rotina do Minist\u00e9rio da&hellip;<\/p>\n","protected":false},"author":1,"featured_media":88687,"comment_status":"closed","ping_status":"open","sticky":false,"template":"","format":"standard","meta":{"footnotes":""},"categories":[14120],"tags":[2,19532,3406,25779],"class_list":["post-88686","post","type-post","status-publish","format-standard","has-post-thumbnail","hentry","category-noticias","tag-blog-do-edvaldo-magalhaes","tag-blog-mais-acessado-e-visualizado-de-caruaru-e-regiao","tag-caruaru","tag-caruaru-realiza-campanha-municipal-de-multivacinacao"],"_links":{"self":[{"href":"https:\/\/blogdoedvaldomagalhaes.com.br\/index.php\/wp-json\/wp\/v2\/posts\/88686","targetHints":{"allow":["GET"]}}],"collection":[{"href":"https:\/\/blogdoedvaldomagalhaes.com.br\/index.php\/wp-json\/wp\/v2\/posts"}],"about":[{"href":"https:\/\/blogdoedvaldomagalhaes.com.br\/index.php\/wp-json\/wp\/v2\/types\/post"}],"author":[{"embeddable":true,"href":"https:\/\/blogdoedvaldomagalhaes.com.br\/index.php\/wp-json\/wp\/v2\/users\/1"}],"replies":[{"embeddable":true,"href":"https:\/\/blogdoedvaldomagalhaes.com.br\/index.php\/wp-json\/wp\/v2\/comments?post=88686"}],"version-history":[{"count":1,"href":"https:\/\/blogdoedvaldomagalhaes.com.br\/index.php\/wp-json\/wp\/v2\/posts\/88686\/revisions"}],"predecessor-version":[{"id":88688,"href":"https:\/\/blogdoedvaldomagalhaes.com.br\/index.php\/wp-json\/wp\/v2\/posts\/88686\/revisions\/88688"}],"wp:featuredmedia":[{"embeddable":true,"href":"https:\/\/blogdoedvaldomagalhaes.com.br\/index.php\/wp-json\/wp\/v2\/media\/88687"}],"wp:attachment":[{"href":"https:\/\/blogdoedvaldomagalhaes.com.br\/index.php\/wp-json\/wp\/v2\/media?parent=88686"}],"wp:term":[{"taxonomy":"category","embeddable":true,"href":"https:\/\/blogdoedvaldomagalhaes.com.br\/index.php\/wp-json\/wp\/v2\/categories?post=88686"},{"taxonomy":"post_tag","embeddable":true,"href":"https:\/\/blogdoedvaldomagalhaes.com.br\/index.php\/wp-json\/wp\/v2\/tags?post=88686"}],"curies":[{"name":"wp","href":"https:\/\/api.w.org\/{rel}","templated":true}]}}