{"id":88683,"date":"2022-10-07T17:00:00","date_gmt":"2022-10-07T20:00:00","guid":{"rendered":"https:\/\/blogdoedvaldomagalhaes.com.br\/?p=88683"},"modified":"2022-10-07T17:00:02","modified_gmt":"2022-10-07T20:00:02","slug":"jorge-quintino-diz-que-eleitores-devem-cobrar-das-candidatas-ao-governo-posicao-sobre-apoio-a-presidente","status":"publish","type":"post","link":"https:\/\/blogdoedvaldomagalhaes.com.br\/index.php\/2022\/10\/07\/jorge-quintino-diz-que-eleitores-devem-cobrar-das-candidatas-ao-governo-posicao-sobre-apoio-a-presidente\/","title":{"rendered":"Jorge Quintino diz que eleitores devem cobrar das candidatas ao governo posi\u00e7\u00e3o sobre apoio a presidente"},"content":{"rendered":"<p style=\"text-align: justify;\"><span style=\"color: initial; font-size: revert;\">O vereador Jorge Quintino (SD), suplente de deputado federal, disse em entrevista, na manh\u00e3 esta sexta-feira (07), que \u00e9 o momento de os eleitores questionarem a posi\u00e7\u00e3o da sua candidata ao Governo do Estado sobre quem ela apoia para presidente, se Lula ou Bolsonaro. Para ele, ningu\u00e9m pode ficar em cima do muro neste segundo turno das elei\u00e7\u00f5es. Falando ao programa Super Manh\u00e3, da R\u00e1dio Jornal Caruaru, Jorge Quintino tamb\u00e9m considerou a sua campanha vitoriosa.<\/span><\/p>\n<p style=\"text-align: justify;\">\u201cN\u00e3o podemos ficar em cima do muro nesse momento importante da nossa hist\u00f3ria. O eleitor precisa saber quem \u00e9 quem. Quem apoia Lula e quem apoia Bolsonaro. N\u00f3s apoiamos Mar\u00edlia Arraes para governadora e Lula para presidente. E os nossos advers\u00e1rios?\u201d, questionou o vereador.<\/p>\n<p style=\"text-align: justify;\">Jorge Quintino tamb\u00e9m avaliou como muito positiva a sua campanha para deputado federal, mesmo com poucos recursos dispon\u00edveis. \u201cTivemos poucos recursos, ent\u00e3o foi uma grande vit\u00f3ria. Tivemos coragem e a possibilidade de apresentar as nossas propostas. Estamos todos de parab\u00e9ns\u201d, destacou.<\/p>\n<p style=\"text-align: justify;\">Jorge \u00e9 presidente da Comiss\u00e3o de Educa\u00e7\u00e3o, Cultura e Esportes, e da Comiss\u00e3o de Meio Ambiente, al\u00e9m de membro da Comiss\u00e3o de Finan\u00e7as e Or\u00e7amento da C\u00e2mara de Vereadores de Caruaru. Conhe\u00e7a mais em @jorgequintinooficial<\/p>\n","protected":false},"excerpt":{"rendered":"<p>O vereador Jorge Quintino (SD), suplente de deputado federal, disse em entrevista, na manh\u00e3 esta sexta-feira (07), que \u00e9 o&hellip;<\/p>\n","protected":false},"author":1,"featured_media":88684,"comment_status":"closed","ping_status":"open","sticky":false,"template":"","format":"standard","meta":{"footnotes":""},"categories":[14122],"tags":[2,19532,3406,25778,20],"class_list":["post-88683","post","type-post","status-publish","format-standard","has-post-thumbnail","hentry","category-politica","tag-blog-do-edvaldo-magalhaes","tag-blog-mais-acessado-e-visualizado-de-caruaru-e-regiao","tag-caruaru","tag-jorge-quintino-diz-que-eleitores-devem-cobrar-das-candidatas-ao-governo-posicao-sobre-apoio-a-presidente","tag-politica"],"_links":{"self":[{"href":"https:\/\/blogdoedvaldomagalhaes.com.br\/index.php\/wp-json\/wp\/v2\/posts\/88683","targetHints":{"allow":["GET"]}}],"collection":[{"href":"https:\/\/blogdoedvaldomagalhaes.com.br\/index.php\/wp-json\/wp\/v2\/posts"}],"about":[{"href":"https:\/\/blogdoedvaldomagalhaes.com.br\/index.php\/wp-json\/wp\/v2\/types\/post"}],"author":[{"embeddable":true,"href":"https:\/\/blogdoedvaldomagalhaes.com.br\/index.php\/wp-json\/wp\/v2\/users\/1"}],"replies":[{"embeddable":true,"href":"https:\/\/blogdoedvaldomagalhaes.com.br\/index.php\/wp-json\/wp\/v2\/comments?post=88683"}],"version-history":[{"count":1,"href":"https:\/\/blogdoedvaldomagalhaes.com.br\/index.php\/wp-json\/wp\/v2\/posts\/88683\/revisions"}],"predecessor-version":[{"id":88685,"href":"https:\/\/blogdoedvaldomagalhaes.com.br\/index.php\/wp-json\/wp\/v2\/posts\/88683\/revisions\/88685"}],"wp:featuredmedia":[{"embeddable":true,"href":"https:\/\/blogdoedvaldomagalhaes.com.br\/index.php\/wp-json\/wp\/v2\/media\/88684"}],"wp:attachment":[{"href":"https:\/\/blogdoedvaldomagalhaes.com.br\/index.php\/wp-json\/wp\/v2\/media?parent=88683"}],"wp:term":[{"taxonomy":"category","embeddable":true,"href":"https:\/\/blogdoedvaldomagalhaes.com.br\/index.php\/wp-json\/wp\/v2\/categories?post=88683"},{"taxonomy":"post_tag","embeddable":true,"href":"https:\/\/blogdoedvaldomagalhaes.com.br\/index.php\/wp-json\/wp\/v2\/tags?post=88683"}],"curies":[{"name":"wp","href":"https:\/\/api.w.org\/{rel}","templated":true}]}}