{"id":88679,"date":"2022-10-07T09:25:06","date_gmt":"2022-10-07T12:25:06","guid":{"rendered":"https:\/\/blogdoedvaldomagalhaes.com.br\/?p=88679"},"modified":"2022-10-07T09:25:08","modified_gmt":"2022-10-07T12:25:08","slug":"raffie-reafirma-apoio-a-marilia-para-governo-de-pernambuco","status":"publish","type":"post","link":"https:\/\/blogdoedvaldomagalhaes.com.br\/index.php\/2022\/10\/07\/raffie-reafirma-apoio-a-marilia-para-governo-de-pernambuco\/","title":{"rendered":"Raffi\u00ea\u00a0reafirma apoio a Mar\u00edlia para Governo de Pernambuco"},"content":{"rendered":"<p style=\"text-align: justify;\"><span style=\"font-size: revert; color: initial;\">O ex-candidato a deputado estadual pelo Uni\u00e3o Brasil, Raffi\u00ea Dellon, que obteve uma expressiva vota\u00e7\u00e3o de 16.346 votos no pleito do dia 2 de outubro reafirmou o apoio \u00e0 candidatura de Mar\u00edlia Arraes ao Governo de Pernambuco. Raffi\u00ea tem uma liga\u00e7\u00e3o muito pr\u00f3xima com o Deputado Federal e agora Coordenador Geral da Campanha de Mar\u00edlia, Andr\u00e9 de Paula, que tamb\u00e9m foi candidato ao Senado. O apoio que ainda foi concretizado no primeiro turno, foi realizado com a anu\u00eancia das Executivas Nacional e Estadual do Uni\u00e3o Brasil. O jovem agora pretende se dedicar integralmente a campanha de Mar\u00edlia em Caruaru e na regi\u00e3o agreste de Pernambuco. Foto: Divulga\u00e7\u00e3o.<\/span><\/p>\n<p style=\"text-align: justify;\">Se inscreva no canal do Blog do Edvaldo Magalh\u00e3es no YouTube e siga no Instagram.<\/p>\n","protected":false},"excerpt":{"rendered":"<p>O ex-candidato a deputado estadual pelo Uni\u00e3o Brasil, Raffi\u00ea Dellon, que obteve uma expressiva vota\u00e7\u00e3o de 16.346 votos no pleito&hellip;<\/p>\n","protected":false},"author":1,"featured_media":88681,"comment_status":"closed","ping_status":"open","sticky":false,"template":"","format":"standard","meta":{"footnotes":""},"categories":[14122],"tags":[2,19532,3406,19613,20,25777],"class_list":["post-88679","post","type-post","status-publish","format-standard","has-post-thumbnail","hentry","category-politica","tag-blog-do-edvaldo-magalhaes","tag-blog-mais-acessado-e-visualizado-de-caruaru-e-regiao","tag-caruaru","tag-eleicoes","tag-politica","tag-raffie-reafirma-apoio-a-marilia-para-governo-de-pernambuco"],"_links":{"self":[{"href":"https:\/\/blogdoedvaldomagalhaes.com.br\/index.php\/wp-json\/wp\/v2\/posts\/88679","targetHints":{"allow":["GET"]}}],"collection":[{"href":"https:\/\/blogdoedvaldomagalhaes.com.br\/index.php\/wp-json\/wp\/v2\/posts"}],"about":[{"href":"https:\/\/blogdoedvaldomagalhaes.com.br\/index.php\/wp-json\/wp\/v2\/types\/post"}],"author":[{"embeddable":true,"href":"https:\/\/blogdoedvaldomagalhaes.com.br\/index.php\/wp-json\/wp\/v2\/users\/1"}],"replies":[{"embeddable":true,"href":"https:\/\/blogdoedvaldomagalhaes.com.br\/index.php\/wp-json\/wp\/v2\/comments?post=88679"}],"version-history":[{"count":1,"href":"https:\/\/blogdoedvaldomagalhaes.com.br\/index.php\/wp-json\/wp\/v2\/posts\/88679\/revisions"}],"predecessor-version":[{"id":88682,"href":"https:\/\/blogdoedvaldomagalhaes.com.br\/index.php\/wp-json\/wp\/v2\/posts\/88679\/revisions\/88682"}],"wp:featuredmedia":[{"embeddable":true,"href":"https:\/\/blogdoedvaldomagalhaes.com.br\/index.php\/wp-json\/wp\/v2\/media\/88681"}],"wp:attachment":[{"href":"https:\/\/blogdoedvaldomagalhaes.com.br\/index.php\/wp-json\/wp\/v2\/media?parent=88679"}],"wp:term":[{"taxonomy":"category","embeddable":true,"href":"https:\/\/blogdoedvaldomagalhaes.com.br\/index.php\/wp-json\/wp\/v2\/categories?post=88679"},{"taxonomy":"post_tag","embeddable":true,"href":"https:\/\/blogdoedvaldomagalhaes.com.br\/index.php\/wp-json\/wp\/v2\/tags?post=88679"}],"curies":[{"name":"wp","href":"https:\/\/api.w.org\/{rel}","templated":true}]}}