{"id":88674,"date":"2022-10-07T08:52:03","date_gmt":"2022-10-07T11:52:03","guid":{"rendered":"https:\/\/blogdoedvaldomagalhaes.com.br\/?p=88674"},"modified":"2022-10-07T08:57:32","modified_gmt":"2022-10-07T11:57:32","slug":"feira-das-capelas-em-caruaru-comeca-neste-domingo-09","status":"publish","type":"post","link":"https:\/\/blogdoedvaldomagalhaes.com.br\/index.php\/2022\/10\/07\/feira-das-capelas-em-caruaru-comeca-neste-domingo-09\/","title":{"rendered":"Feira das Capelas em Caruaru, come\u00e7a neste domingo (09)"},"content":{"rendered":"<p style=\"text-align: justify;\"><span style=\"color: initial; font-size: revert;\">A secretaria de Ordem P\u00fablica (SECOP), inicia, neste domingo (09), a partir das 16h, mais uma \u201cFeira das Capelas\u201d, voltada para o feriado de Finados, celebrado no dia 2 de novembro.<\/span><\/p>\n<p style=\"text-align: justify;\">A feira funcionar\u00e1 no cora\u00e7\u00e3o do Parque 18 de maio, na Feira de Artesanato, pr\u00f3ximo ao Polo Gastron\u00f4mico. Entre as variedades dos itens vendidos est\u00e3o capelas, velas, rosas, flores artesanais e artificiais.<\/p>\n<p style=\"text-align: justify;\">A SECOP organizou a log\u00edstica da \u201cFeira das Capelas\u201d, com uma estrutura completa para, aproximadamente, 50 feirantes, com seguran\u00e7a e ilumina\u00e7\u00e3o, garantindo praticidade para quem gosta de prestar homenagem aos entes queridos j\u00e1 falecidos no Dia de Finados. Foto: Nossa Senhora do Carmo\/Divulga\u00e7\u00e3o.<\/p>\n\n\n<figure class=\"wp-block-image size-large\"><img loading=\"lazy\" decoding=\"async\" width=\"576\" height=\"1024\" src=\"https:\/\/blogdoedvaldomagalhaes.com.br\/wp-content\/uploads\/2022\/10\/IMG-20221007-WA0011-576x1024.jpg\" alt=\"\" class=\"wp-image-88677\" srcset=\"https:\/\/blogdoedvaldomagalhaes.com.br\/wp-content\/uploads\/2022\/10\/IMG-20221007-WA0011-576x1024.jpg 576w, https:\/\/blogdoedvaldomagalhaes.com.br\/wp-content\/uploads\/2022\/10\/IMG-20221007-WA0011-169x300.jpg 169w, https:\/\/blogdoedvaldomagalhaes.com.br\/wp-content\/uploads\/2022\/10\/IMG-20221007-WA0011.jpg 720w\" sizes=\"auto, (max-width: 576px) 100vw, 576px\" \/><\/figure>\n","protected":false},"excerpt":{"rendered":"<p>A secretaria de Ordem P\u00fablica (SECOP), inicia, neste domingo (09), a partir das 16h, mais uma \u201cFeira das Capelas\u201d, voltada&hellip;<\/p>\n","protected":false},"author":1,"featured_media":88675,"comment_status":"closed","ping_status":"open","sticky":false,"template":"","format":"standard","meta":{"footnotes":""},"categories":[14120],"tags":[2,19532,3406,25776],"class_list":["post-88674","post","type-post","status-publish","format-standard","has-post-thumbnail","hentry","category-noticias","tag-blog-do-edvaldo-magalhaes","tag-blog-mais-acessado-e-visualizado-de-caruaru-e-regiao","tag-caruaru","tag-feira-das-capelas-em-caruaru-comeca-neste-domingo-09"],"_links":{"self":[{"href":"https:\/\/blogdoedvaldomagalhaes.com.br\/index.php\/wp-json\/wp\/v2\/posts\/88674","targetHints":{"allow":["GET"]}}],"collection":[{"href":"https:\/\/blogdoedvaldomagalhaes.com.br\/index.php\/wp-json\/wp\/v2\/posts"}],"about":[{"href":"https:\/\/blogdoedvaldomagalhaes.com.br\/index.php\/wp-json\/wp\/v2\/types\/post"}],"author":[{"embeddable":true,"href":"https:\/\/blogdoedvaldomagalhaes.com.br\/index.php\/wp-json\/wp\/v2\/users\/1"}],"replies":[{"embeddable":true,"href":"https:\/\/blogdoedvaldomagalhaes.com.br\/index.php\/wp-json\/wp\/v2\/comments?post=88674"}],"version-history":[{"count":2,"href":"https:\/\/blogdoedvaldomagalhaes.com.br\/index.php\/wp-json\/wp\/v2\/posts\/88674\/revisions"}],"predecessor-version":[{"id":88678,"href":"https:\/\/blogdoedvaldomagalhaes.com.br\/index.php\/wp-json\/wp\/v2\/posts\/88674\/revisions\/88678"}],"wp:featuredmedia":[{"embeddable":true,"href":"https:\/\/blogdoedvaldomagalhaes.com.br\/index.php\/wp-json\/wp\/v2\/media\/88675"}],"wp:attachment":[{"href":"https:\/\/blogdoedvaldomagalhaes.com.br\/index.php\/wp-json\/wp\/v2\/media?parent=88674"}],"wp:term":[{"taxonomy":"category","embeddable":true,"href":"https:\/\/blogdoedvaldomagalhaes.com.br\/index.php\/wp-json\/wp\/v2\/categories?post=88674"},{"taxonomy":"post_tag","embeddable":true,"href":"https:\/\/blogdoedvaldomagalhaes.com.br\/index.php\/wp-json\/wp\/v2\/tags?post=88674"}],"curies":[{"name":"wp","href":"https:\/\/api.w.org\/{rel}","templated":true}]}}