{"id":88671,"date":"2022-10-07T08:10:10","date_gmt":"2022-10-07T11:10:10","guid":{"rendered":"https:\/\/blogdoedvaldomagalhaes.com.br\/?p=88671"},"modified":"2022-10-07T08:10:11","modified_gmt":"2022-10-07T11:10:11","slug":"programa-negocios-4-0-promove-curso-gratuito-de-formacao-de-consultores","status":"publish","type":"post","link":"https:\/\/blogdoedvaldomagalhaes.com.br\/index.php\/2022\/10\/07\/programa-negocios-4-0-promove-curso-gratuito-de-formacao-de-consultores\/","title":{"rendered":"Programa Neg\u00f3cios 4.0 promove curso gratuito de forma\u00e7\u00e3o de consultores"},"content":{"rendered":"<p style=\"text-align: justify;\"><span style=\"color: initial; font-size: revert;\">Entre os meses de outubro e novembro, o Programa Neg\u00f3cios 4.0 estar\u00e1 promovendo um curso gratuito de forma\u00e7\u00e3o de consultores para atuar em Caruaru, Cabo de Santo Agostinho, Palmares, Santa Cruz do Capibaribe, Surubim, Garanhuns, Arcoverde, Salgueiro, Serra Talhada, Petrol\u00e2ndia, Trindade, Arcoverde e Petrolina. A forma\u00e7\u00e3o tem o intuito de capacitar profissionais em tecnologias habilitadoras de futuro e prepara-los para atuar como multiplicadores desses conhecimentos junto a empresas dos setores de com\u00e9rcio, servi\u00e7o e turismo. O programa faz parte do Nectar (N\u00facleo de Empreendimentos em Ci\u00eancia, Tecnologia e Artes), do Governo do Estado de Pernambuco, por meio da Secretaria de Ci\u00eancia, Tecnologia e Inova\u00e7\u00e3o.<\/span><\/p>\n<p style=\"text-align: justify;\">Nessa capacita\u00e7\u00e3o, os participantes ir\u00e3o aprender sobre o novo ambiente da consultoria, os primeiros passos do consultor, como atuar na economia digital, al\u00e9m de aprender na pr\u00e1tica sobre consultoria digital. A \u00fanica exig\u00eancia \u00e9 de que o participante tenha conclu\u00eddo ou esteja cursando o ensino superior. As inscri\u00e7\u00f5es est\u00e3o dispon\u00edveis atrav\u00e9s do link: https:\/\/inovaempresape.com.br\/cadastro\/ .<\/p>\n<p style=\"text-align: justify;\">As aulas est\u00e3o previstas para iniciarem no pr\u00f3ximo dia 10 de outubro e ser\u00e3o realizadas no formato on-line, com dura\u00e7\u00e3o de duas horas, das 19h \u00e0s 21h, nas segundas ou ter\u00e7as-feiras. O curso ter\u00e1 uma carga hor\u00e1ria de 180 horas.<\/p>\n","protected":false},"excerpt":{"rendered":"<p>Entre os meses de outubro e novembro, o Programa Neg\u00f3cios 4.0 estar\u00e1 promovendo um curso gratuito de forma\u00e7\u00e3o de consultores&hellip;<\/p>\n","protected":false},"author":1,"featured_media":88672,"comment_status":"closed","ping_status":"open","sticky":false,"template":"","format":"standard","meta":{"footnotes":""},"categories":[14120],"tags":[2,19532,3406,25775],"class_list":["post-88671","post","type-post","status-publish","format-standard","has-post-thumbnail","hentry","category-noticias","tag-blog-do-edvaldo-magalhaes","tag-blog-mais-acessado-e-visualizado-de-caruaru-e-regiao","tag-caruaru","tag-programa-negocios-4-0-promove-curso-gratuito-de-formacao-de-consultores"],"_links":{"self":[{"href":"https:\/\/blogdoedvaldomagalhaes.com.br\/index.php\/wp-json\/wp\/v2\/posts\/88671","targetHints":{"allow":["GET"]}}],"collection":[{"href":"https:\/\/blogdoedvaldomagalhaes.com.br\/index.php\/wp-json\/wp\/v2\/posts"}],"about":[{"href":"https:\/\/blogdoedvaldomagalhaes.com.br\/index.php\/wp-json\/wp\/v2\/types\/post"}],"author":[{"embeddable":true,"href":"https:\/\/blogdoedvaldomagalhaes.com.br\/index.php\/wp-json\/wp\/v2\/users\/1"}],"replies":[{"embeddable":true,"href":"https:\/\/blogdoedvaldomagalhaes.com.br\/index.php\/wp-json\/wp\/v2\/comments?post=88671"}],"version-history":[{"count":1,"href":"https:\/\/blogdoedvaldomagalhaes.com.br\/index.php\/wp-json\/wp\/v2\/posts\/88671\/revisions"}],"predecessor-version":[{"id":88673,"href":"https:\/\/blogdoedvaldomagalhaes.com.br\/index.php\/wp-json\/wp\/v2\/posts\/88671\/revisions\/88673"}],"wp:featuredmedia":[{"embeddable":true,"href":"https:\/\/blogdoedvaldomagalhaes.com.br\/index.php\/wp-json\/wp\/v2\/media\/88672"}],"wp:attachment":[{"href":"https:\/\/blogdoedvaldomagalhaes.com.br\/index.php\/wp-json\/wp\/v2\/media?parent=88671"}],"wp:term":[{"taxonomy":"category","embeddable":true,"href":"https:\/\/blogdoedvaldomagalhaes.com.br\/index.php\/wp-json\/wp\/v2\/categories?post=88671"},{"taxonomy":"post_tag","embeddable":true,"href":"https:\/\/blogdoedvaldomagalhaes.com.br\/index.php\/wp-json\/wp\/v2\/tags?post=88671"}],"curies":[{"name":"wp","href":"https:\/\/api.w.org\/{rel}","templated":true}]}}