{"id":88664,"date":"2022-10-06T23:38:48","date_gmt":"2022-10-07T02:38:48","guid":{"rendered":"https:\/\/blogdoedvaldomagalhaes.com.br\/?p=88664"},"modified":"2022-10-06T23:38:50","modified_gmt":"2022-10-07T02:38:50","slug":"confira-a-programacao-do-outubro-rosa-em-caruaru","status":"publish","type":"post","link":"https:\/\/blogdoedvaldomagalhaes.com.br\/index.php\/2022\/10\/06\/confira-a-programacao-do-outubro-rosa-em-caruaru\/","title":{"rendered":"Confira a programa\u00e7\u00e3o do Outubro Rosa em Caruaru"},"content":{"rendered":"<p style=\"text-align: justify;\"><span style=\"color: initial; font-size: revert;\">Durante o m\u00eas de outubro \u00e9 realizada a Campanha \u2018Outubro Rosa\u2019, que busca falar sobre a import\u00e2ncia da preven\u00e7\u00e3o e do autocuidado nas mamas. No Brasil, segundo o Instituto Nacional de C\u00e2ncer (INCA), para cada ano do tri\u00eanio 2020-2022 a estimativa \u00e9 de que surjam 66.280 novos casos de c\u00e2ncer de mama no pa\u00eds. O risco estimado \u00e9 de 61,61 casos por 100 mil mulheres.<\/span><\/p>\n<p style=\"text-align: justify;\">Para ajudar a popula\u00e7\u00e3o no diagn\u00f3stico precoce da doen\u00e7a, a Prefeitura de Caruaru, por meio da Secretaria de Sa\u00fade, desenvolveu uma programa\u00e7\u00e3o extensa em alus\u00e3o ao m\u00eas.<\/p>\n<p style=\"text-align: justify;\">Confira:<\/p>\n<p style=\"text-align: justify;\">Local: Unidade B\u00e1sica de Sa\u00fade de Pau Santo<br \/>Datas: 03, 24 e 31 de outubro <br \/>Hor\u00e1rio: 8h \u00e0s 15h<br \/>A\u00e7\u00f5es: Intensifica\u00e7\u00e3o de citologia, palestra e exame cl\u00ednico das mamas, al\u00e9m de solicita\u00e7\u00e3o de mamografias.<\/p>\n<p style=\"text-align: justify;\">Local: Unidade B\u00e1sica de Sa\u00fade Olho D\u2019\u00e1gua da Cana <br \/>Datas: 04 e 25 outubro <br \/>Hor\u00e1rio: 8h \u00e0s 15h<br \/>A\u00e7\u00f5es: Intensifica\u00e7\u00e3o de citologia, palestra e exame cl\u00ednico das mamas, al\u00e9m de solicita\u00e7\u00e3o de mamografias.<\/p>\n<p style=\"text-align: justify;\">Local: Unidade B\u00e1sica de Sa\u00fade Terra Vermelha <br \/>Data: 05 de outubro <br \/>Hor\u00e1rio: 8h \u00e0s 12h<br \/>A\u00e7\u00f5es: Intensifica\u00e7\u00e3o de citologia, palestra e exame cl\u00ednico das mamas, al\u00e9m de solicita\u00e7\u00e3o de mamografias.<\/p>\n<p style=\"text-align: justify;\">Local: AME Mulher <br \/>Data: 05 de outubro <br \/>Hor\u00e1rio: Manh\u00e3 \/ Tarde \/ Noite <br \/>A\u00e7\u00f5es: Realiza\u00e7\u00e3o de ultrassonografia na Unidade M\u00f3vel \/ Roda de conversa com a enfermeira Marisa Laurentino, com o tema \u2018Autoexame\u2019 \/ Atividade Educativa com tema \u2018C\u00e2ncer de colo do \u00fatero\u2019.<\/p>\n<p style=\"text-align: justify;\">Local: Unidade B\u00e1sica de Sa\u00fade Centen\u00e1rio<br \/>Data: 05 de outubro <br \/>Hor\u00e1rio: A partir das 9h<br \/>A\u00e7\u00f5es: Atividade educativa, exame cl\u00ednico das mamas e solicita\u00e7\u00e3o de mamografia.<\/p>\n<p style=\"text-align: justify;\">Local: Unidade B\u00e1sica de Sa\u00fade Lajes<br \/>Data: 05 e 19 de outubro <br \/>Hor\u00e1rio: 8h \u00e0s 15h<br \/>A\u00e7\u00f5es: Intensifica\u00e7\u00e3o de citologia, palestra e exame cl\u00ednico das mamas, al\u00e9m de solicita\u00e7\u00e3o de mamografias.<\/p>\n<p style=\"text-align: justify;\">Local: Unidade B\u00e1sica de Sa\u00fade Cachoeira Seca <br \/>Data: 06 de outubro <br \/>Hor\u00e1rio: A partir das 8h<br \/>A\u00e7\u00f5es: Caf\u00e9 da manh\u00e3, exame cl\u00ednico das mamas, al\u00e9m de solicita\u00e7\u00e3o de mamografias.<\/p>\n<p style=\"text-align: justify;\">Local: AME Fernando Lyra<br \/>Data: 06, 20 e 27 de outubro <br \/>Hor\u00e1rio: 8h \u00e0s 12h<br \/>A\u00e7\u00f5es: Dia \u2018D\u2019 com intensifica\u00e7\u00e3o de citologia, palestra e exame cl\u00ednico das mamas e solicita\u00e7\u00e3o de mamografia.<\/p>\n<p style=\"text-align: justify;\">Local: AME Mulher <br \/>Data: 06 de outubro <br \/>Hor\u00e1rio: Manh\u00e3 \/ Tarde <br \/>A\u00e7\u00f5es: Realiza\u00e7\u00e3o de palestra com a m\u00e9dica Dra. Nilene Clemente, com o tema: \u2018C\u00e2ncer de colo do \u00fatero\u2019\/ Palestra com a equipe do Centros de Refer\u00eancia em Sa\u00fade do Trabalhador &#8211; Cerest<\/p>\n<p style=\"text-align: justify;\">Local: AME Mulher <br \/>Data: 07 de outubro <br \/>Hor\u00e1rio: Manh\u00e3<br \/>A\u00e7\u00f5es: Realiza\u00e7\u00e3o de ultrassonografia na Unidade M\u00f3vel, palestra com a psic\u00f3loga Viviane Teod\u00f3sio e Palestra com a advogada Camilla Denezio sobre Direito das Mulheres Mastectomizada<\/p>\n<p style=\"text-align: justify;\">Local: AME Mulher <br \/>Data: 10 de outubro <br \/>Hor\u00e1rio: Manh\u00e3<br \/>A\u00e7\u00f5es: Realiza\u00e7\u00e3o de Testes R\u00e1pidos (ANTI HIV<br \/>ANTI HCV e HEPATITE B e C) e palestra com o m\u00e9dico Dr. Willams Lima<\/p>\n<p style=\"text-align: justify;\">Local: Unidade B\u00e1sica de Sa\u00fade Agamenon I e Encanto da Serra <br \/>Data: 10 de outubro <br \/>Hor\u00e1rio: A partir das 9h<br \/>A\u00e7\u00f5es: Intensifica\u00e7\u00e3o de citologia, palestra e exame cl\u00ednico das mamas, al\u00e9m de solicita\u00e7\u00e3o de mamografias.<\/p>\n<p style=\"text-align: justify;\">Local: Unidade B\u00e1sica de Sa\u00fade Ju\u00e1 <br \/>Data: 11 de outubro <br \/>Hor\u00e1rio: A partir das 9h<br \/>A\u00e7\u00f5es: Atividade educativa, exame cl\u00ednico das mamas, al\u00e9m de solicita\u00e7\u00e3o de mamografias.<\/p>\n<p style=\"text-align: justify;\">Local: AME Mulher <br \/>Data: 11 de outubro <br \/>Hor\u00e1rio: Manh\u00e3<br \/>A\u00e7\u00f5es: Realiza\u00e7\u00e3o de Citologia Onc\u00f3tica e palestra com a equipe de testagem e Aconselhamento \u2013 CTA<\/p>\n<p style=\"text-align: justify;\">Local: Unidade B\u00e1sica de Sa\u00fade Ita\u00fana <br \/>Data: 13 de outubro <br \/>Hor\u00e1rio: 8h \u00e0s 12h<br \/>A\u00e7\u00f5es: Intensifica\u00e7\u00e3o de citologia, palestra e exame cl\u00ednico das mamas, al\u00e9m de solicita\u00e7\u00e3o de mamografias.<\/p>\n<p style=\"text-align: justify;\">Local: AME Mulher <br \/>Data: 13 de outubro <br \/>Hor\u00e1rio: Manh\u00e3 \/ Tarde <br \/>A\u00e7\u00f5es: Realiza\u00e7\u00e3o de Citologia Onc\u00f3tica e teste r\u00e1pido (ANTI HIV, ANTI HCV e<br \/>HEPATITE C e B) \/ Gin\u00e1stica Laboral<\/p>\n<p style=\"text-align: justify;\">Local: AME Mulher <br \/>Data: 14 de outubro <br \/>Hor\u00e1rio: Manh\u00e3 \/ Tarde <br \/>A\u00e7\u00f5es: Realiza\u00e7\u00e3o de ultrassonografia na Unidade M\u00f3vel \/ Palestra sobre mastectomia<\/p>\n<p style=\"text-align: justify;\">Local: Unidade B\u00e1sica de Sa\u00fade Morro Centen\u00e1rio <br \/>Data: 14 de outubro <br \/>Hor\u00e1rio: A partir das 8h <br \/>A\u00e7\u00f5es: Intensifica\u00e7\u00e3o de citologia, palestra e exame cl\u00ednico das mamas, al\u00e9m de solicita\u00e7\u00e3o de mamografias.<\/p>\n<p style=\"text-align: justify;\">Local: Unidade B\u00e1sica de Sa\u00fade Jos\u00e9 Carlos de Oliveira I<br \/>Data: 14 de outubro <br \/>Hor\u00e1rio: Das 13h30 \u00e0s 16h30<br \/>A\u00e7\u00f5es: Intensifica\u00e7\u00e3o de citologia, palestra e exame cl\u00ednico das mamas, al\u00e9m de solicita\u00e7\u00e3o de mamografia.<\/p>\n<p style=\"text-align: justify;\">Local: Secretaria de Urbaniza\u00e7\u00e3o e Meio Ambiental <br \/>Data: 14 de outubro <br \/>Hor\u00e1rio: 9h<br \/>A\u00e7\u00f5es: Atividade educativa e palestra.<\/p>\n<p style=\"text-align: justify;\">Local: AME Mulher <br \/>Data: 17 de outubro <br \/>Hor\u00e1rio: Manh\u00e3 <br \/>A\u00e7\u00e3o: Teste R\u00e1pido (ANTI HIV, ANTI HCV e<br \/>HEPATITE C e B)<\/p>\n<p style=\"text-align: justify;\">Local: Unidade B\u00e1sica de Sa\u00fade Caiuc\u00e1 I<br \/>Data: 17 de outubro <br \/>Hor\u00e1rio: A partir das 9h<br \/>A\u00e7\u00f5es: Atividade educativa, exame cl\u00ednico das mamas e solicita\u00e7\u00e3o de mamografia.<\/p>\n<p style=\"text-align: justify;\">Local: AME Mulher <br \/>Data: 18 de outubro <br \/>Hor\u00e1rio: Manh\u00e3 <br \/>A\u00e7\u00e3o: Realiza\u00e7\u00e3o de Citologia Onc\u00f3tica<\/p>\n<p style=\"text-align: justify;\">Local: Unidade B\u00e1sica de Sa\u00fade Residencial Luiz Bezerra Torres <br \/>Data: 18 de outubro <br \/>Hor\u00e1rio: A partir das 9h<br \/>A\u00e7\u00f5es: Atividade educativa, exame cl\u00ednico das mamas e solicita\u00e7\u00e3o de mamografia.<\/p>\n<p style=\"text-align: justify;\">Local: Unidade B\u00e1sica de Sa\u00fade Kennedy I <br \/>Data: 18 de outubro <br \/>Hor\u00e1rio: A partir das 9h<br \/>A\u00e7\u00f5es: Atividade educativa, exame cl\u00ednico das mamas, al\u00e9m de solicita\u00e7\u00e3o de mamografias.<\/p>\n<p style=\"text-align: justify;\">Local: Unidade B\u00e1sica de Sa\u00fade Taquara<br \/>Data: 18 de outubro <br \/>Hor\u00e1rio: A partir das 9h <br \/>A\u00e7\u00f5es: Intensifica\u00e7\u00e3o de citologia, palestra e exame cl\u00ednico das mamas, al\u00e9m de solicita\u00e7\u00e3o de mamografias.<\/p>\n<p style=\"text-align: justify;\">Local: Centro de Sa\u00fade Ana Rodrigues e Pacs S\u00e3o Francisco I, II e III<br \/>Data: 18 de outubro <br \/>Hor\u00e1rio: A partir das 9h <br \/>A\u00e7\u00f5es: Intensifica\u00e7\u00e3o de citologia, palestra e exame cl\u00ednico das mamas, al\u00e9m de solicita\u00e7\u00e3o de mamografias.<\/p>\n<p style=\"text-align: justify;\">Local: AME Mulher <br \/>Data: 19 de outubro <br \/>Hor\u00e1rio: Manh\u00e3 \/ Noite<br \/>A\u00e7\u00f5es: Realiza\u00e7\u00e3o de Citologia Onc\u00f3tica \/ Atividade Educativa com tema \u2018C\u00e2ncer de colo de \u00fatero\u2019 \/ Palestra Dra Valcarla Galindo sobre \u2018Alguns tipos de C\u00e2ncer\u2019<\/p>\n<p style=\"text-align: justify;\">Local: Unidade B\u00e1sica de Sa\u00fade Cidade Jardim I e II<br \/>Data: 19 de outubro <br \/>Hor\u00e1rio: A partir das 9h<br \/>A\u00e7\u00f5es: Atividade educativa, exame cl\u00ednico das mamas e solicita\u00e7\u00e3o de mamografia.<\/p>\n<p style=\"text-align: justify;\">Local: CEACA<br \/>Data: 19 de outubro <br \/>Hor\u00e1rio: 8h \u00e1s 12h<br \/>A\u00e7\u00f5es: vacina\u00e7\u00e3o, odontom\u00f3vel, teste r\u00e1pido de hiv, s\u00edfilis e hepatites b e c, e atividade educativa voltada \u00e0 preven\u00e7\u00e3o do c\u00e2ncer de mama.<\/p>\n<p style=\"text-align: justify;\">Local: Unidade B\u00e1sica de Sa\u00fade Salgado III <br \/>Data: 19 de outubro <br \/>Hor\u00e1rio: 8h \u00e0s 12h<br \/>A\u00e7\u00f5es: Intensifica\u00e7\u00e3o de citologia, palestra, exame cl\u00ednico das mamas, al\u00e9m de solicita\u00e7\u00e3o de mamografias.<\/p>\n<p style=\"text-align: justify;\">Local: Unidade B\u00e1sica de Sa\u00fade Rafael <br \/>Data: 19 de outubro <br \/>Hor\u00e1rio: 8h \u00e0s 12h<br \/>A\u00e7\u00f5es: Intensifica\u00e7\u00e3o de citologia, palestra, exame cl\u00ednico das mamas, al\u00e9m de solicita\u00e7\u00e3o de mamografias.<\/p>\n<p style=\"text-align: justify;\">Local: Unidade B\u00e1sica de Sa\u00fade Jos\u00e9 Liberato I <br \/>Data: 19 de outubro <br \/>Hor\u00e1rio: 8h \u00e0s 12h<br \/>A\u00e7\u00f5es: Intensifica\u00e7\u00e3o de citologia, palestra e exame cl\u00ednico das mamas, al\u00e9m de solicita\u00e7\u00e3o de mamografias.<\/p>\n<p style=\"text-align: justify;\">Local: Unidade B\u00e1sica de Sa\u00fade Cip\u00f3<br \/>Data: 19 de outubro <br \/>Hor\u00e1rio: A partir das 9h<br \/>A\u00e7\u00f5es: Intensifica\u00e7\u00e3o de citologia, palestra e exame cl\u00ednico das mamas, al\u00e9m de solicita\u00e7\u00e3o de mamografias.<\/p>\n<p style=\"text-align: justify;\">Local: Unidade B\u00e1sica de Sa\u00fade Santa Rosa II, III e IV<br \/>Data: 19 de outubro <br \/>Hor\u00e1rio: 8h \u00e0s 12h<br \/>A\u00e7\u00f5es: Intensifica\u00e7\u00e3o de citologia, palestra e exame cl\u00ednico das mamas, al\u00e9m de solicita\u00e7\u00e3o de mamografias.<\/p>\n<p style=\"text-align: justify;\">Local: Unidade B\u00e1sica de Sa\u00fade Maria Auxiliadora I e II<br \/>Data: 19 de outubro <br \/>Hor\u00e1rio: A partir das 8h<br \/>A\u00e7\u00f5es: Intensifica\u00e7\u00e3o de citologia, palestra, exame cl\u00ednico das mamas, al\u00e9m de solicita\u00e7\u00e3o de mamografias.<\/p>\n<p style=\"text-align: justify;\">Local: Unidade B\u00e1sica de Sa\u00fade Dr. Vieira <br \/>Data: 19 de outubro <br \/>Hor\u00e1rio: 8h \u00e0s 18h<br \/>A\u00e7\u00f5es: Dia \u2018D\u2019Intensifica\u00e7\u00e3o de citologia, palestra e exame cl\u00ednico das mamas, auriculoterapia, aferi\u00e7\u00e3o de press\u00e3o, exame HGT, entrega de brindes e consultas m\u00e9dicas.<\/p>\n<p style=\"text-align: justify;\">Local: AME Mulher <br \/>Data: 20 de outubro <br \/>Hor\u00e1rio: Manh\u00e3 \/ Tarde <br \/>A\u00e7\u00f5es: Realiza\u00e7\u00e3o de Citologia Onc\u00f3tica \/ Gin\u00e1stica Laboral<\/p>\n<p style=\"text-align: justify;\">Local: Unidade B\u00e1sica de Sa\u00fade <br \/>Vassoural I, II e III<br \/>Data: 20 de outubro <br \/>Hor\u00e1rio: A partir das 9h<br \/>A\u00e7\u00f5es: Intensifica\u00e7\u00e3o de citologia, palestra e exame cl\u00ednico das mamas, al\u00e9m de solicita\u00e7\u00e3o de mamografias.<\/p>\n<p style=\"text-align: justify;\">Local: Unidade B\u00e1sica de Sa\u00fade Murici <br \/>Data: 20 de outubro <br \/>Hor\u00e1rio: A partir das 9h <br \/>A\u00e7\u00f5es: Intensifica\u00e7\u00e3o de citologia, palestra, exame cl\u00ednico das mamas e solicita\u00e7\u00e3o de mamografias.<\/p>\n<p style=\"text-align: justify;\">Local: Unidade B\u00e1sica de Sa\u00fade <br \/>Alto do Moura <br \/>Data: 20 de outubro <br \/>Hor\u00e1rio: A partir das 9h<br \/>A\u00e7\u00f5es: Intensifica\u00e7\u00e3o de citologia, palestra e exame cl\u00ednico das mamas, al\u00e9m de solicita\u00e7\u00e3o de mamografias.<\/p>\n<p style=\"text-align: justify;\">Local: Unidade B\u00e1sica de Sa\u00fade Caj\u00e1<br \/>Data: 20 de outubro <br \/>Hor\u00e1rio: A partir das 9h<br \/>A\u00e7\u00f5es: Intensifica\u00e7\u00e3o de citologia, palestra e exame cl\u00ednico das mamas, al\u00e9m de solicita\u00e7\u00e3o de mamografias.<\/p>\n<p style=\"text-align: justify;\">Local: Unidade B\u00e1sica de Sa\u00fade<br \/>Indian\u00f3polis I e II<br \/>Data: 20 de outubro <br \/>Hor\u00e1rio: A partir das 9h<br \/>A\u00e7\u00f5es: oficina de maquiagem, auriculoterapia, massoterapia, exame cl\u00ednico das mamas e solicita\u00e7\u00e3o de mamografias.<\/p>\n<p style=\"text-align: justify;\">Local: Unidade B\u00e1sica de Sa\u00fade Campo Novo de Baixo<br \/>Datas: 20 e 27 outubro <br \/>Hor\u00e1rio: 8h \u00e0s 15h<br \/>A\u00e7\u00f5es: Intensifica\u00e7\u00e3o de citologia, palestra e exame cl\u00ednico das mamas, al\u00e9m de solicita\u00e7\u00e3o de mamografias.<\/p>\n<p style=\"text-align: justify;\">Local: AME Mulher <br \/>Data: 21 de outubro <br \/>Hor\u00e1rio: Manh\u00e3 <br \/>A\u00e7\u00f5es: Realiza\u00e7\u00e3o de ultrassonografia na Unidade M\u00f3vel \/ Roda de conversa sobre autocuidado com o psic\u00f3logo Leonardo Aleixo.<\/p>\n<p style=\"text-align: justify;\">Local: Unidade B\u00e1sica de Sa\u00fade Residencial Alto do Moura <br \/>Data: 21 de outubro <br \/>Hor\u00e1rio: A partir das 9h<br \/>A\u00e7\u00f5es: Atividade educativa, exame cl\u00ednico das mamas e solicita\u00e7\u00e3o de mamografia.<\/p>\n<p style=\"text-align: justify;\">Local: Unidade B\u00e1sica de Sa\u00fade Jardim Panorama I<br \/>Data: 21 de outubro <br \/>Hor\u00e1rio: A partir das 13h<br \/>A\u00e7\u00f5es: Atividade educativa, exame cl\u00ednico das mamas e solicita\u00e7\u00e3o de mamografia.<\/p>\n<p style=\"text-align: justify;\">Local: Unidade B\u00e1sica de Sa\u00fade Agamenon II<br \/>Data: 24 e 28 de outubro <br \/>Hor\u00e1rio: A partir das 9h<br \/>A\u00e7\u00f5es: Atividade educativa, exame cl\u00ednico das mamas e solicita\u00e7\u00e3o de mamografia.<\/p>\n<p style=\"text-align: justify;\">Local: AME Mulher <br \/>Data: 24 de outubro <br \/>Hor\u00e1rio: Manh\u00e3 <br \/>A\u00e7\u00e3o: Teste R\u00e1pido (ANTI HIV, ANTI HCV e<br \/>HEPATITE C e B)<\/p>\n<p style=\"text-align: justify;\">Local: AME Mulher <br \/>Data: 25 de outubro <br \/>Hor\u00e1rio: Manh\u00e3 <br \/>A\u00e7\u00e3o: Realiza\u00e7\u00e3o de Citologia Onc\u00f3tica<\/p>\n<p style=\"text-align: justify;\">Local: Unidade B\u00e1sica de Sa\u00fade Sinhazinha I e II <br \/>Data: 25 de outubro <br \/>Hor\u00e1rio: 13h30 \u00e0s 16h30<br \/>A\u00e7\u00f5es: Intensifica\u00e7\u00e3o de citologia, palestra, exame cl\u00ednico das mamas e solicita\u00e7\u00e3o de mamografias.<\/p>\n<p style=\"text-align: justify;\">Local: AME Mulher <br \/>Data: 26 de outubro <br \/>Hor\u00e1rio: Manh\u00e3 \/ Noite<br \/>A\u00e7\u00f5es: Realiza\u00e7\u00e3o de Citologia Onc\u00f3tica \/ Atividade Educativa com tema \u2018C\u00e2ncer de colo de \u00fatero\u2019<\/p>\n<p style=\"text-align: justify;\">Local: Unidade B\u00e1sica de Sa\u00fade Santa Rosa I <br \/>Data: 26 de outubro <br \/>Hor\u00e1rio: A partir das 8h30<br \/>A\u00e7\u00f5es: Palestra, citologia, exame cl\u00ednico das mamas, auriculoterapia, aferi\u00e7\u00e3o de press\u00e3o, exame tipo HGT, entrega de brindes, caf\u00e9 da manh\u00e3 e alongamento com profissional de educa\u00e7\u00e3o f\u00edsica.<\/p>\n<p style=\"text-align: justify;\">Local: AME Pedro Justino <br \/>Data: 26 de outubro <br \/>Hor\u00e1rio: A partir das 9h<br \/>A\u00e7\u00f5es: Atividade educativa, exame cl\u00ednico das mamas e solicita\u00e7\u00e3o de mamografia.<\/p>\n<p style=\"text-align: justify;\">Local: Unidade B\u00e1sica de Sa\u00fade S\u00e3o Jo\u00e3o da Esc\u00f3cia I, III e IV<br \/>Data: 26 de outubro <br \/>Hor\u00e1rio: 13h30 \u00e0s 16h30<br \/>A\u00e7\u00f5es: Intensifica\u00e7\u00e3o de citologia, palestra e exame cl\u00ednico das mamas, al\u00e9m de solicita\u00e7\u00e3o de mamografias.<\/p>\n<p style=\"text-align: justify;\">Local: AME Mulher <br \/>Data: 27 de outubro <br \/>Hor\u00e1rio: Tarde <br \/>A\u00e7\u00e3o: Palestra com a equipe do Centros de Refer\u00eancia em Sa\u00fade do Trabalhador &#8211; Cerest<\/p>\n<p style=\"text-align: justify;\">Local: Unidade B\u00e1sica de Sa\u00fade Peladas <br \/>Data: 27 de outubro <br \/>Hor\u00e1rio: A partir das 9h<br \/>A\u00e7\u00f5es: Atividade educativa, exame cl\u00ednico das mamas e solicita\u00e7\u00e3o de mamografia.<\/p>\n<p style=\"text-align: justify;\">Local: Unidade B\u00e1sica de Sa\u00fade Salgado I e II<br \/>Data: 27 de outubro <br \/>Hor\u00e1rio: 8h \u00e0s 12h<br \/>A\u00e7\u00f5es: Intensifica\u00e7\u00e3o de citologia, palestra e exame cl\u00ednico das mamas al\u00e9m de solicita\u00e7\u00e3o de mamografias.<\/p>\n<p style=\"text-align: justify;\">Local: Unidade B\u00e1sica de Sa\u00fade Caiuc\u00e1 II<br \/>Data: 28 de outubro <br \/>Hor\u00e1rio: A partir das 9h<br \/>A\u00e7\u00f5es: Atividade educativa, exame cl\u00ednico das mamas e solicita\u00e7\u00e3o de mamografia.<\/p>\n<p style=\"text-align: justify;\">Local: Unidade B\u00e1sica de Sa\u00fade Jos\u00e9 Carlos de Oliveira II e III<br \/>Data: 28 de outubro <br \/>Hor\u00e1rio: A partir das 9h<br \/>A\u00e7\u00f5es: Intensifica\u00e7\u00e3o de citologia, palestra e exame cl\u00ednico das mamas, al\u00e9m de solicita\u00e7\u00e3o de mamografia.<\/p>\n<p style=\"text-align: justify;\">Local: AME Mulher <br \/>Data: 28 de outubro <br \/>Hor\u00e1rio: Manh\u00e3 <br \/>A\u00e7\u00e3o: Palestra com a advogada Camilla Denezio sobre Direitos das Mulheres Mastectomizada<\/p>\n<p style=\"text-align: justify;\">Local: AME Mulher <br \/>Data: 31 de outubro <br \/>Hor\u00e1rio: Manh\u00e3 <br \/>A\u00e7\u00e3o: Teste R\u00e1pido (ANTI HIV, ANTI HCV e HEPATITE B e C).<\/p>\n\n\n<figure class=\"wp-block-image size-full is-resized\"><img loading=\"lazy\" decoding=\"async\" src=\"https:\/\/blogdoedvaldomagalhaes.com.br\/wp-content\/uploads\/2022\/10\/IMG-20221006-WA0163.jpg\" alt=\"\" class=\"wp-image-88666\" width=\"341\" height=\"256\" srcset=\"https:\/\/blogdoedvaldomagalhaes.com.br\/wp-content\/uploads\/2022\/10\/IMG-20221006-WA0163.jpg 1024w, https:\/\/blogdoedvaldomagalhaes.com.br\/wp-content\/uploads\/2022\/10\/IMG-20221006-WA0163-300x225.jpg 300w, https:\/\/blogdoedvaldomagalhaes.com.br\/wp-content\/uploads\/2022\/10\/IMG-20221006-WA0163-768x576.jpg 768w, https:\/\/blogdoedvaldomagalhaes.com.br\/wp-content\/uploads\/2022\/10\/IMG-20221006-WA0163-160x120.jpg 160w\" sizes=\"auto, (max-width: 341px) 100vw, 341px\" \/><figcaption>Fotos: Prefeitura de Caruaru<\/figcaption><\/figure>\n","protected":false},"excerpt":{"rendered":"<p>Durante o m\u00eas de outubro \u00e9 realizada a Campanha \u2018Outubro Rosa\u2019, que busca falar sobre a import\u00e2ncia da preven\u00e7\u00e3o e&hellip;<\/p>\n","protected":false},"author":1,"featured_media":88665,"comment_status":"closed","ping_status":"open","sticky":false,"template":"","format":"standard","meta":{"footnotes":""},"categories":[14120],"tags":[2,19532,3406,25774],"class_list":["post-88664","post","type-post","status-publish","format-standard","has-post-thumbnail","hentry","category-noticias","tag-blog-do-edvaldo-magalhaes","tag-blog-mais-acessado-e-visualizado-de-caruaru-e-regiao","tag-caruaru","tag-confira-a-programacao-do-outubro-rosa-em-caruaru"],"_links":{"self":[{"href":"https:\/\/blogdoedvaldomagalhaes.com.br\/index.php\/wp-json\/wp\/v2\/posts\/88664","targetHints":{"allow":["GET"]}}],"collection":[{"href":"https:\/\/blogdoedvaldomagalhaes.com.br\/index.php\/wp-json\/wp\/v2\/posts"}],"about":[{"href":"https:\/\/blogdoedvaldomagalhaes.com.br\/index.php\/wp-json\/wp\/v2\/types\/post"}],"author":[{"embeddable":true,"href":"https:\/\/blogdoedvaldomagalhaes.com.br\/index.php\/wp-json\/wp\/v2\/users\/1"}],"replies":[{"embeddable":true,"href":"https:\/\/blogdoedvaldomagalhaes.com.br\/index.php\/wp-json\/wp\/v2\/comments?post=88664"}],"version-history":[{"count":1,"href":"https:\/\/blogdoedvaldomagalhaes.com.br\/index.php\/wp-json\/wp\/v2\/posts\/88664\/revisions"}],"predecessor-version":[{"id":88667,"href":"https:\/\/blogdoedvaldomagalhaes.com.br\/index.php\/wp-json\/wp\/v2\/posts\/88664\/revisions\/88667"}],"wp:featuredmedia":[{"embeddable":true,"href":"https:\/\/blogdoedvaldomagalhaes.com.br\/index.php\/wp-json\/wp\/v2\/media\/88665"}],"wp:attachment":[{"href":"https:\/\/blogdoedvaldomagalhaes.com.br\/index.php\/wp-json\/wp\/v2\/media?parent=88664"}],"wp:term":[{"taxonomy":"category","embeddable":true,"href":"https:\/\/blogdoedvaldomagalhaes.com.br\/index.php\/wp-json\/wp\/v2\/categories?post=88664"},{"taxonomy":"post_tag","embeddable":true,"href":"https:\/\/blogdoedvaldomagalhaes.com.br\/index.php\/wp-json\/wp\/v2\/tags?post=88664"}],"curies":[{"name":"wp","href":"https:\/\/api.w.org\/{rel}","templated":true}]}}