{"id":88660,"date":"2022-10-06T23:16:13","date_gmt":"2022-10-07T02:16:13","guid":{"rendered":"https:\/\/blogdoedvaldomagalhaes.com.br\/?p=88660"},"modified":"2022-10-06T23:16:14","modified_gmt":"2022-10-07T02:16:14","slug":"outubro-verde-alerta-populacao-sobre-os-cuidados-com-a-sifilis-confira","status":"publish","type":"post","link":"https:\/\/blogdoedvaldomagalhaes.com.br\/index.php\/2022\/10\/06\/outubro-verde-alerta-populacao-sobre-os-cuidados-com-a-sifilis-confira\/","title":{"rendered":"&#8216;Outubro Verde\u2019 alerta popula\u00e7\u00e3o sobre os cuidados com a S\u00edfilis; Confira"},"content":{"rendered":"<p style=\"text-align: justify;\"><span style=\"color: initial; font-size: revert;\">A campanha \u2018Outubro Verde\u2019 chama a aten\u00e7\u00e3o para as formas de preven\u00e7\u00e3o, diagn\u00f3stico e tratamento da S\u00edfilis. A doen\u00e7a \u00e9 uma Infec\u00e7\u00e3o Sexualmente Transmiss\u00edvel (IST), causada pela bact\u00e9ria _Treponema pallidum_, transmitida pelo contato sexual desprotegido ou pelo contato com sangue contaminado. J\u00e1 a forma cong\u00eanita da doen\u00e7a \u00e9 transmitida da m\u00e3e para o feto durante a gesta\u00e7\u00e3o ou durante o parto.<\/span><\/p>\n<p style=\"text-align: justify;\">O &#8220;Outubro Verde: combate \u00e0 S\u00edfilis&#8221; foi lan\u00e7ado em 2016, pelo Minist\u00e9rio da Sa\u00fade (MS), com o objetivo de discutir a situa\u00e7\u00e3o da doen\u00e7a no Brasil que, devido ao aumento progressivo das taxas de transmiss\u00e3o, representa um enorme desafio. Nesse sentido, o Programa Municipal de Infec\u00e7\u00f5es Sexualmente Transmiss\u00edveis prop\u00f5e v\u00e1rias a\u00e7\u00f5es de educa\u00e7\u00e3o, informa\u00e7\u00e3o e de assist\u00eancia \u00e0 popula\u00e7\u00e3o. Os servi\u00e7os s\u00e3o ofertados atrav\u00e9s do Centro de Testagem e Aconselhamento de Caruaru (CTA), da Maternidade Municipal Santa Dulce dos Pobres (MMSDP), das Unidades B\u00e1sicas de Sa\u00fade (Aten\u00e7\u00e3o B\u00e1sica) e do Servi\u00e7o de Aten\u00e7\u00e3o Especializada (SAE). O CTA funciona na rua Coronel Limeira, n\u00ba 189, no bairro Nossa Senhora das Dores, de segunda a sexta-feira. O hor\u00e1rio de funcionamento \u00e9 das 7h \u00e0s 17h.<\/p>\n<p style=\"text-align: justify;\">Em Caruaru, v\u00e1rias a\u00e7\u00f5es ser\u00e3o desenvolvidas ao longo do m\u00eas para alertar sobre a preven\u00e7\u00e3o e tratamento da doen\u00e7a.<\/p>\n<p style=\"text-align: justify;\">Confira a programa\u00e7\u00e3o:<\/p>\n<p style=\"text-align: justify;\">07\/10: Palestra Educativa<br \/>Hora: 9h \u00e0s 12h\u00a0\u00a0\u00a0\u00a0\u00a0\u00a0\u00a0 <br \/>Local: CAPS III \u2013 Transtorno<\/p>\n<p style=\"text-align: justify;\">07\/10:\u00a0\u00a0 Palestra Educativa<br \/>Hora: 9h \u00e0s 12h\u00a0\u00a0\u00a0\u00a0\u00a0\u00a0\u00a0 <br \/>Local: Terreiro do Il\u00ea Ax\u00e9 Kiamb\u00e1<\/p>\n<p style=\"text-align: justify;\">10\/10: A\u00e7\u00e3o Educativa<br \/>Hora: 7h \u00e0s 12h\u00a0\u00a0\u00a0\u00a0\u00a0\u00a0\u00a0 <br \/>Local: Feira da Sulanca<\/p>\n<p style=\"text-align: justify;\">10\/10: A\u00e7\u00e3o de Testagem e Aconselhamento<br \/>Hora: 8h \u00e0s 12h\u00a0\u00a0\u00a0\u00a0\u00a0\u00a0\u00a0 <br \/>Local: FUNASE<\/p>\n<p style=\"text-align: justify;\">11\/10: A\u00e7\u00e3o de Testagem e Aconselhamento<br \/>Hora: 8h \u00e0s 12h\u00a0\u00a0\u00a0\u00a0\u00a0\u00a0\u00a0 <br \/>Local: AME Mulher<\/p>\n<p style=\"text-align: justify;\">17\/10: A\u00e7\u00e3o Educativa<br \/>Hora: 7h \u00e0s 12h\u00a0\u00a0\u00a0\u00a0\u00a0\u00a0\u00a0 <br \/>Local: Feira da Sulanca<\/p>\n<p style=\"text-align: justify;\">19\/10: A\u00e7\u00e3o de Testagem e Aconselhamento<br \/>Hora: 8h \u00e0s 12h\u00a0\u00a0\u00a0\u00a0\u00a0\u00a0\u00a0 <br \/>Local: CEACA<\/p>\n<p style=\"text-align: justify;\">22\/10: Palestra Educativa <br \/>Hora: 8h \u00e0s 12h\u00a0\u00a0\u00a0\u00a0\u00a0\u00a0\u00a0 <br \/>Local: CEBRAC<\/p>\n<p style=\"text-align: justify;\">24\/10: Dia D de combate \u00e0 S\u00edfilis<br \/>Hora: 8h \u00e0s 13h\u00a0\u00a0\u00a0\u00a0\u00a0\u00a0\u00a0 <br \/>Local: Via Parque ( INSS)<\/p>\n<p style=\"text-align: justify;\">25\/10: Palestra Educativa <br \/>Hora: 9h \u00e0s 12h\u00a0\u00a0\u00a0\u00a0\u00a0\u00a0\u00a0 <br \/>Local: CASEN<\/p>\n<p style=\"text-align: justify;\">26\/10: Palestra Educativa <br \/>Hora: 9h \u00e0s 12h\u00a0\u00a0\u00a0\u00a0\u00a0\u00a0\u00a0 <br \/>Local: Maternidade Municipal Santa Dulce dos Pobres<\/p>\n<p style=\"text-align: justify;\">27\/10: Simp\u00f3sio Multidisciplinar \u201cUma ferida &#8230; (des)apareceu? \u2013 Pode ser s\u00edfilis. Precisa Tratar!\u201d<br \/>Hora: 13h \u00e0s 17h\u00a0\u00a0\u00a0\u00a0\u00a0\u00a0\u00a0 <br \/>Local: Audit\u00f3rio da Secret\u00e1ria de Sa\u00fade de Caruaru.\u00a0<\/p>\n\n\n<figure class=\"wp-block-image size-large\"><img loading=\"lazy\" decoding=\"async\" width=\"1024\" height=\"682\" src=\"https:\/\/blogdoedvaldomagalhaes.com.br\/wp-content\/uploads\/2022\/10\/IMG-20221006-WA0088-1024x682.jpg\" alt=\"\" class=\"wp-image-88662\" srcset=\"https:\/\/blogdoedvaldomagalhaes.com.br\/wp-content\/uploads\/2022\/10\/IMG-20221006-WA0088-1024x682.jpg 1024w, https:\/\/blogdoedvaldomagalhaes.com.br\/wp-content\/uploads\/2022\/10\/IMG-20221006-WA0088-300x200.jpg 300w, https:\/\/blogdoedvaldomagalhaes.com.br\/wp-content\/uploads\/2022\/10\/IMG-20221006-WA0088-768x512.jpg 768w, https:\/\/blogdoedvaldomagalhaes.com.br\/wp-content\/uploads\/2022\/10\/IMG-20221006-WA0088.jpg 1280w\" sizes=\"auto, (max-width: 1024px) 100vw, 1024px\" \/><figcaption>Fotos: Prefeitura de Caruaru<\/figcaption><\/figure>\n","protected":false},"excerpt":{"rendered":"<p>A campanha \u2018Outubro Verde\u2019 chama a aten\u00e7\u00e3o para as formas de preven\u00e7\u00e3o, diagn\u00f3stico e tratamento da S\u00edfilis. A doen\u00e7a \u00e9&hellip;<\/p>\n","protected":false},"author":1,"featured_media":88661,"comment_status":"closed","ping_status":"open","sticky":false,"template":"","format":"standard","meta":{"footnotes":""},"categories":[14120],"tags":[25773,2,19532,3406],"class_list":["post-88660","post","type-post","status-publish","format-standard","has-post-thumbnail","hentry","category-noticias","tag-outubro-verde-alerta-populacao-sobre-os-cuidados-com-a-sifilis-confira","tag-blog-do-edvaldo-magalhaes","tag-blog-mais-acessado-e-visualizado-de-caruaru-e-regiao","tag-caruaru"],"_links":{"self":[{"href":"https:\/\/blogdoedvaldomagalhaes.com.br\/index.php\/wp-json\/wp\/v2\/posts\/88660","targetHints":{"allow":["GET"]}}],"collection":[{"href":"https:\/\/blogdoedvaldomagalhaes.com.br\/index.php\/wp-json\/wp\/v2\/posts"}],"about":[{"href":"https:\/\/blogdoedvaldomagalhaes.com.br\/index.php\/wp-json\/wp\/v2\/types\/post"}],"author":[{"embeddable":true,"href":"https:\/\/blogdoedvaldomagalhaes.com.br\/index.php\/wp-json\/wp\/v2\/users\/1"}],"replies":[{"embeddable":true,"href":"https:\/\/blogdoedvaldomagalhaes.com.br\/index.php\/wp-json\/wp\/v2\/comments?post=88660"}],"version-history":[{"count":1,"href":"https:\/\/blogdoedvaldomagalhaes.com.br\/index.php\/wp-json\/wp\/v2\/posts\/88660\/revisions"}],"predecessor-version":[{"id":88663,"href":"https:\/\/blogdoedvaldomagalhaes.com.br\/index.php\/wp-json\/wp\/v2\/posts\/88660\/revisions\/88663"}],"wp:featuredmedia":[{"embeddable":true,"href":"https:\/\/blogdoedvaldomagalhaes.com.br\/index.php\/wp-json\/wp\/v2\/media\/88661"}],"wp:attachment":[{"href":"https:\/\/blogdoedvaldomagalhaes.com.br\/index.php\/wp-json\/wp\/v2\/media?parent=88660"}],"wp:term":[{"taxonomy":"category","embeddable":true,"href":"https:\/\/blogdoedvaldomagalhaes.com.br\/index.php\/wp-json\/wp\/v2\/categories?post=88660"},{"taxonomy":"post_tag","embeddable":true,"href":"https:\/\/blogdoedvaldomagalhaes.com.br\/index.php\/wp-json\/wp\/v2\/tags?post=88660"}],"curies":[{"name":"wp","href":"https:\/\/api.w.org\/{rel}","templated":true}]}}