{"id":8864,"date":"2016-07-26T16:07:00","date_gmt":"2016-07-26T19:07:00","guid":{"rendered":"http:\/\/blogdoedvaldomagalhaes.com.br\/index.php\/2016\/07\/26\/atacante-do-central-vai-disputar-serie\/"},"modified":"2019-02-09T00:52:27","modified_gmt":"2019-02-09T02:52:27","slug":"atacante-do-central-vai-disputar-serie","status":"publish","type":"post","link":"https:\/\/blogdoedvaldomagalhaes.com.br\/index.php\/2016\/07\/26\/atacante-do-central-vai-disputar-serie\/","title":{"rendered":"Atacante do Central vai disputar a S\u00e9rie A2"},"content":{"rendered":"<div class=\"separator\" style=\"clear: both; text-align: center;\">\n<a href=\"https:\/\/2.bp.blogspot.com\/-QmBndWhcXU8\/V5eIO5aPZOI\/AAAAAAAADDY\/kRAr4lgX3dMGmnt1LjZVVEMIzLm9jI8bQCLcB\/s1600\/candinho.jpg\" imageanchor=\"1\" style=\"margin-left: 1em; margin-right: 1em;\"><img loading=\"lazy\" decoding=\"async\" border=\"0\" height=\"306\" src=\"http:\/\/blogdoedvaldomagalhaes.com.br\/wp-content\/uploads\/2016\/07\/candinho.jpg\" width=\"400\" \/><\/a><\/div>\n<p><\/p>\n<div style=\"text-align: justify;\">\nO Futebol Clube Afogados da Ingazeira acertou a contrata\u00e7\u00e3o do atacante,&nbsp;Candinho, que disputou a S\u00e9rie D pela equipe do Central de Caruaru. Candinho chega como uma das principais contrata\u00e7\u00f5es da Coruja para a disputa da S\u00e9rie A2.<\/div>\n<div style=\"text-align: justify;\">\n<\/div>\n<div style=\"text-align: justify;\">\nJanilson Candido de Souza (Candinho), tem 30 anos, \u00e9 natural de Limoeiro\/PE, destro,&nbsp;1,74 cm, 80 kg, come\u00e7ou no Centro Limoeiense. e jogou no Ypiranga\/PE, Belo Jardim, Cabense, Vit\u00f3ria da Conquista\/BA, Guarany de Sobral\/CE, Coruripe e Central.&nbsp;<\/div>\n<div style=\"text-align: justify;\">\n<\/div>\n<div class=\"separator\" style=\"clear: both; text-align: center;\">\n<a href=\"https:\/\/2.bp.blogspot.com\/-IL95BYEcI3A\/V5eKI0P3R0I\/AAAAAAAADDk\/IWd98ukbfbo_TiTdZjOF43FZEvJR_AoAwCLcB\/s1600\/candinho%2B2.jpg\" imageanchor=\"1\" style=\"margin-left: 1em; margin-right: 1em;\"><img loading=\"lazy\" decoding=\"async\" border=\"0\" height=\"400\" src=\"http:\/\/blogdoedvaldomagalhaes.com.br\/wp-content\/uploads\/2016\/07\/candinho2.jpg\" width=\"400\" \/><\/a><\/div>\n","protected":false},"excerpt":{"rendered":"<p>O Futebol Clube Afogados da Ingazeira acertou a contrata\u00e7\u00e3o do atacante,&nbsp;Candinho, que disputou a S\u00e9rie D pela equipe do Central&hellip;<\/p>\n","protected":false},"author":1,"featured_media":0,"comment_status":"open","ping_status":"open","sticky":false,"template":"","format":"standard","meta":{"footnotes":""},"categories":[1],"tags":[6653,2,13310,3335,4701,13311,3,13312,6655,12205,9731],"class_list":["post-8864","post","type-post","status-publish","format-standard","hentry","category-sem-categoria","tag-afogados-da-ingazeira","tag-blog-do-edvaldo-magalhaes","tag-candinho","tag-central","tag-centro-limoeirense","tag-coruripe","tag-futebol","tag-janilson-candido-de-souza","tag-limoeiro","tag-serie-a2","tag-ypiranga-pe"],"_links":{"self":[{"href":"https:\/\/blogdoedvaldomagalhaes.com.br\/index.php\/wp-json\/wp\/v2\/posts\/8864","targetHints":{"allow":["GET"]}}],"collection":[{"href":"https:\/\/blogdoedvaldomagalhaes.com.br\/index.php\/wp-json\/wp\/v2\/posts"}],"about":[{"href":"https:\/\/blogdoedvaldomagalhaes.com.br\/index.php\/wp-json\/wp\/v2\/types\/post"}],"author":[{"embeddable":true,"href":"https:\/\/blogdoedvaldomagalhaes.com.br\/index.php\/wp-json\/wp\/v2\/users\/1"}],"replies":[{"embeddable":true,"href":"https:\/\/blogdoedvaldomagalhaes.com.br\/index.php\/wp-json\/wp\/v2\/comments?post=8864"}],"version-history":[{"count":1,"href":"https:\/\/blogdoedvaldomagalhaes.com.br\/index.php\/wp-json\/wp\/v2\/posts\/8864\/revisions"}],"predecessor-version":[{"id":10687,"href":"https:\/\/blogdoedvaldomagalhaes.com.br\/index.php\/wp-json\/wp\/v2\/posts\/8864\/revisions\/10687"}],"wp:attachment":[{"href":"https:\/\/blogdoedvaldomagalhaes.com.br\/index.php\/wp-json\/wp\/v2\/media?parent=8864"}],"wp:term":[{"taxonomy":"category","embeddable":true,"href":"https:\/\/blogdoedvaldomagalhaes.com.br\/index.php\/wp-json\/wp\/v2\/categories?post=8864"},{"taxonomy":"post_tag","embeddable":true,"href":"https:\/\/blogdoedvaldomagalhaes.com.br\/index.php\/wp-json\/wp\/v2\/tags?post=8864"}],"curies":[{"name":"wp","href":"https:\/\/api.w.org\/{rel}","templated":true}]}}