{"id":88635,"date":"2022-10-06T21:03:44","date_gmt":"2022-10-07T00:03:44","guid":{"rendered":"https:\/\/blogdoedvaldomagalhaes.com.br\/?p=88635"},"modified":"2022-10-07T00:13:59","modified_gmt":"2022-10-07T03:13:59","slug":"policial-a-paisana-reage-a-assalto-e-mata-dois-individuos-em-caruaru","status":"publish","type":"post","link":"https:\/\/blogdoedvaldomagalhaes.com.br\/index.php\/2022\/10\/06\/policial-a-paisana-reage-a-assalto-e-mata-dois-individuos-em-caruaru\/","title":{"rendered":"Policial \u00e0 paisana reage a assalto e mata dois indiv\u00edduos em Caruaru"},"content":{"rendered":"<p style=\"text-align: justify;\">A pol\u00edcia informou que, na noite desta quinta-feira (06), um policial \u00e0 paisana caminhava pela rua R15, no bairro Cidade Jardim, em Caruaru, quando passava enfrente a Escola Municipal Rubens de Lima Barros, foi abordado por dois indiv\u00edduos em uma motocicleta Honda Biz, que anunciaram um assalto. Ainda de acordo com a informa\u00e7\u00f5es, o policial reagiu e baleou os suspeitos. O garupa de nome Dami\u00e3o Rodrigues da Silva, 24 anos de idade, conhecido como &#8220;Mi\u00e3o&#8221;, morreu no local, enquanto que o condutor da moto de nome Luiz Henrique Salvino da Silva, 27 anos de idade, conhecido como &#8220;Riquinho&#8221;, tentou fugir, mas na rua R6 perdeu o controle da motocicleta, colidiu em um ve\u00edculo e tamb\u00e9m morreu. Os dois moravam no bairro S\u00e3o Jo\u00e3o da Esc\u00f3cia.<\/p>\n\n\n<figure class=\"wp-block-image size-large\"><img loading=\"lazy\" decoding=\"async\" width=\"1024\" height=\"484\" src=\"https:\/\/blogdoedvaldomagalhaes.com.br\/wp-content\/uploads\/2022\/10\/IMG-20221006-WA0133-1024x484.jpg\" alt=\"\" class=\"wp-image-88640\" srcset=\"https:\/\/blogdoedvaldomagalhaes.com.br\/wp-content\/uploads\/2022\/10\/IMG-20221006-WA0133-1024x484.jpg 1024w, https:\/\/blogdoedvaldomagalhaes.com.br\/wp-content\/uploads\/2022\/10\/IMG-20221006-WA0133-300x142.jpg 300w, https:\/\/blogdoedvaldomagalhaes.com.br\/wp-content\/uploads\/2022\/10\/IMG-20221006-WA0133-768x363.jpg 768w, https:\/\/blogdoedvaldomagalhaes.com.br\/wp-content\/uploads\/2022\/10\/IMG-20221006-WA0133.jpg 1040w\" sizes=\"auto, (max-width: 1024px) 100vw, 1024px\" \/><figcaption>Fotos do Blog do Edvaldo Magalh\u00e3es <\/figcaption><\/figure>\n\n\n\n<figure class=\"wp-block-image size-large\"><img loading=\"lazy\" decoding=\"async\" width=\"1024\" height=\"484\" src=\"https:\/\/blogdoedvaldomagalhaes.com.br\/wp-content\/uploads\/2022\/10\/IMG-20221006-WA0134-1024x484.jpg\" alt=\"\" class=\"wp-image-88642\" srcset=\"https:\/\/blogdoedvaldomagalhaes.com.br\/wp-content\/uploads\/2022\/10\/IMG-20221006-WA0134-1024x484.jpg 1024w, https:\/\/blogdoedvaldomagalhaes.com.br\/wp-content\/uploads\/2022\/10\/IMG-20221006-WA0134-300x142.jpg 300w, https:\/\/blogdoedvaldomagalhaes.com.br\/wp-content\/uploads\/2022\/10\/IMG-20221006-WA0134-768x363.jpg 768w, https:\/\/blogdoedvaldomagalhaes.com.br\/wp-content\/uploads\/2022\/10\/IMG-20221006-WA0134.jpg 1040w\" sizes=\"auto, (max-width: 1024px) 100vw, 1024px\" \/><figcaption>Foto da viatura da PMPE no local<\/figcaption><\/figure>\n\n\n\n<figure class=\"wp-block-image size-full is-resized\"><img loading=\"lazy\" decoding=\"async\" src=\"https:\/\/blogdoedvaldomagalhaes.com.br\/wp-content\/uploads\/2022\/10\/IMG-20221006-WA01452.jpg\" alt=\"\" class=\"wp-image-88643\" width=\"347\" height=\"346\" srcset=\"https:\/\/blogdoedvaldomagalhaes.com.br\/wp-content\/uploads\/2022\/10\/IMG-20221006-WA01452.jpg 720w, https:\/\/blogdoedvaldomagalhaes.com.br\/wp-content\/uploads\/2022\/10\/IMG-20221006-WA01452-300x300.jpg 300w, https:\/\/blogdoedvaldomagalhaes.com.br\/wp-content\/uploads\/2022\/10\/IMG-20221006-WA01452-150x150.jpg 150w\" sizes=\"auto, (max-width: 347px) 100vw, 347px\" \/><figcaption>Dami\u00e3o Rodrigues da Silva<\/figcaption><\/figure>\n\n\n\n<figure class=\"wp-block-image size-full is-resized\"><img loading=\"lazy\" decoding=\"async\" src=\"https:\/\/blogdoedvaldomagalhaes.com.br\/wp-content\/uploads\/2022\/10\/FB_IMG_1665112129801.jpg\" alt=\"\" class=\"wp-image-88668\" width=\"350\" height=\"306\" srcset=\"https:\/\/blogdoedvaldomagalhaes.com.br\/wp-content\/uploads\/2022\/10\/FB_IMG_1665112129801.jpg 1002w, https:\/\/blogdoedvaldomagalhaes.com.br\/wp-content\/uploads\/2022\/10\/FB_IMG_1665112129801-300x263.jpg 300w, https:\/\/blogdoedvaldomagalhaes.com.br\/wp-content\/uploads\/2022\/10\/FB_IMG_1665112129801-768x674.jpg 768w\" sizes=\"auto, (max-width: 350px) 100vw, 350px\" \/><figcaption>Luiz Henrique Salvino da Silva <\/figcaption><\/figure>\n","protected":false},"excerpt":{"rendered":"<p>A pol\u00edcia informou que, na noite desta quinta-feira (06), um policial \u00e0 paisana caminhava pela rua R15, no bairro Cidade&hellip;<\/p>\n","protected":false},"author":1,"featured_media":88636,"comment_status":"closed","ping_status":"open","sticky":false,"template":"","format":"standard","meta":{"footnotes":""},"categories":[14121],"tags":[2,19532,3406,25771],"class_list":["post-88635","post","type-post","status-publish","format-standard","has-post-thumbnail","hentry","category-policial","tag-blog-do-edvaldo-magalhaes","tag-blog-mais-acessado-e-visualizado-de-caruaru-e-regiao","tag-caruaru","tag-policial-a-paisana-reage-a-assalto-e-mata-dois-individuos-em-caruaru"],"_links":{"self":[{"href":"https:\/\/blogdoedvaldomagalhaes.com.br\/index.php\/wp-json\/wp\/v2\/posts\/88635","targetHints":{"allow":["GET"]}}],"collection":[{"href":"https:\/\/blogdoedvaldomagalhaes.com.br\/index.php\/wp-json\/wp\/v2\/posts"}],"about":[{"href":"https:\/\/blogdoedvaldomagalhaes.com.br\/index.php\/wp-json\/wp\/v2\/types\/post"}],"author":[{"embeddable":true,"href":"https:\/\/blogdoedvaldomagalhaes.com.br\/index.php\/wp-json\/wp\/v2\/users\/1"}],"replies":[{"embeddable":true,"href":"https:\/\/blogdoedvaldomagalhaes.com.br\/index.php\/wp-json\/wp\/v2\/comments?post=88635"}],"version-history":[{"count":11,"href":"https:\/\/blogdoedvaldomagalhaes.com.br\/index.php\/wp-json\/wp\/v2\/posts\/88635\/revisions"}],"predecessor-version":[{"id":88670,"href":"https:\/\/blogdoedvaldomagalhaes.com.br\/index.php\/wp-json\/wp\/v2\/posts\/88635\/revisions\/88670"}],"wp:featuredmedia":[{"embeddable":true,"href":"https:\/\/blogdoedvaldomagalhaes.com.br\/index.php\/wp-json\/wp\/v2\/media\/88636"}],"wp:attachment":[{"href":"https:\/\/blogdoedvaldomagalhaes.com.br\/index.php\/wp-json\/wp\/v2\/media?parent=88635"}],"wp:term":[{"taxonomy":"category","embeddable":true,"href":"https:\/\/blogdoedvaldomagalhaes.com.br\/index.php\/wp-json\/wp\/v2\/categories?post=88635"},{"taxonomy":"post_tag","embeddable":true,"href":"https:\/\/blogdoedvaldomagalhaes.com.br\/index.php\/wp-json\/wp\/v2\/tags?post=88635"}],"curies":[{"name":"wp","href":"https:\/\/api.w.org\/{rel}","templated":true}]}}