{"id":88631,"date":"2022-10-06T18:53:40","date_gmt":"2022-10-06T21:53:40","guid":{"rendered":"https:\/\/blogdoedvaldomagalhaes.com.br\/?p=88631"},"modified":"2022-10-06T18:53:41","modified_gmt":"2022-10-06T21:53:41","slug":"policia-civil-prende-cinco-pessoas-envolvidas-em-trafico-de-drogas-e-homicidios","status":"publish","type":"post","link":"https:\/\/blogdoedvaldomagalhaes.com.br\/index.php\/2022\/10\/06\/policia-civil-prende-cinco-pessoas-envolvidas-em-trafico-de-drogas-e-homicidios\/","title":{"rendered":"Pol\u00edcia Civil prende cinco pessoas envolvidas em tr\u00e1fico de drogas e homic\u00eddios"},"content":{"rendered":"<p style=\"text-align: justify;\">A Pol\u00edcia Civil desencadeou na manh\u00e3 desta quinta feira (06), a Opera\u00e7\u00e3o L\u00fabrico, com 16 alvos, sendo 7 mandados de pris\u00e3o tempor\u00e1ria, dos quais cinco foram capturados: Renato Playboy, Reginaldo, Matheus, Everton vulgo gordo e Wesley vulgo Bruninho, tofos presos por acusa\u00e7\u00e3o de tr\u00e1fico de drogas, posse ilegal de armas e conex\u00e3o com crimes de homic\u00eddios. Foram apreendidas duas armas de fogo e 8 aparelhos celulares.<\/p>\n","protected":false},"excerpt":{"rendered":"<p>A Pol\u00edcia Civil desencadeou na manh\u00e3 desta quinta feira (06), a Opera\u00e7\u00e3o L\u00fabrico, com 16 alvos, sendo 7 mandados de&hellip;<\/p>\n","protected":false},"author":1,"featured_media":88633,"comment_status":"closed","ping_status":"open","sticky":false,"template":"","format":"standard","meta":{"footnotes":""},"categories":[14121],"tags":[2,19532,3406,25769],"class_list":["post-88631","post","type-post","status-publish","format-standard","has-post-thumbnail","hentry","category-policial","tag-blog-do-edvaldo-magalhaes","tag-blog-mais-acessado-e-visualizado-de-caruaru-e-regiao","tag-caruaru","tag-policia-civil-prende-cinco-pessoas-envolvidas-em-trafico-de-drogas-e-homicidios"],"_links":{"self":[{"href":"https:\/\/blogdoedvaldomagalhaes.com.br\/index.php\/wp-json\/wp\/v2\/posts\/88631","targetHints":{"allow":["GET"]}}],"collection":[{"href":"https:\/\/blogdoedvaldomagalhaes.com.br\/index.php\/wp-json\/wp\/v2\/posts"}],"about":[{"href":"https:\/\/blogdoedvaldomagalhaes.com.br\/index.php\/wp-json\/wp\/v2\/types\/post"}],"author":[{"embeddable":true,"href":"https:\/\/blogdoedvaldomagalhaes.com.br\/index.php\/wp-json\/wp\/v2\/users\/1"}],"replies":[{"embeddable":true,"href":"https:\/\/blogdoedvaldomagalhaes.com.br\/index.php\/wp-json\/wp\/v2\/comments?post=88631"}],"version-history":[{"count":1,"href":"https:\/\/blogdoedvaldomagalhaes.com.br\/index.php\/wp-json\/wp\/v2\/posts\/88631\/revisions"}],"predecessor-version":[{"id":88634,"href":"https:\/\/blogdoedvaldomagalhaes.com.br\/index.php\/wp-json\/wp\/v2\/posts\/88631\/revisions\/88634"}],"wp:featuredmedia":[{"embeddable":true,"href":"https:\/\/blogdoedvaldomagalhaes.com.br\/index.php\/wp-json\/wp\/v2\/media\/88633"}],"wp:attachment":[{"href":"https:\/\/blogdoedvaldomagalhaes.com.br\/index.php\/wp-json\/wp\/v2\/media?parent=88631"}],"wp:term":[{"taxonomy":"category","embeddable":true,"href":"https:\/\/blogdoedvaldomagalhaes.com.br\/index.php\/wp-json\/wp\/v2\/categories?post=88631"},{"taxonomy":"post_tag","embeddable":true,"href":"https:\/\/blogdoedvaldomagalhaes.com.br\/index.php\/wp-json\/wp\/v2\/tags?post=88631"}],"curies":[{"name":"wp","href":"https:\/\/api.w.org\/{rel}","templated":true}]}}