{"id":88628,"date":"2022-10-06T17:45:18","date_gmt":"2022-10-06T20:45:18","guid":{"rendered":"https:\/\/blogdoedvaldomagalhaes.com.br\/?p=88628"},"modified":"2022-10-06T17:45:19","modified_gmt":"2022-10-06T20:45:19","slug":"vereador-cabo-cardoso-cobra-o-edital-dos-concursos-da-policia-e-bombeiro-militar-de-pernambuco","status":"publish","type":"post","link":"https:\/\/blogdoedvaldomagalhaes.com.br\/index.php\/2022\/10\/06\/vereador-cabo-cardoso-cobra-o-edital-dos-concursos-da-policia-e-bombeiro-militar-de-pernambuco\/","title":{"rendered":"Vereador Cabo Cardoso cobra o edital dos concursos da pol\u00edcia e bombeiro militar de Pernambuco"},"content":{"rendered":"<p style=\"text-align: justify;\">Na sess\u00e3o ordin\u00e1ria da C\u00e2mara Municipal de Caruaru desta quinta feira (6), o vereador Cabo Cardoso criticou a falta de pol\u00edticas p\u00fablicas para a seguran\u00e7a p\u00fablica no Estado. O parlamentar criticou a falta de concursos para suprir os quase 12 mil militares a menos no Estado.<\/p>\n<p style=\"text-align: justify;\">&#8220;A pol\u00edcia militar de Pernambuco \u00e9 um modelo de pol\u00edcia para todo Brasil, agora, falta sensibilidade por parte do governo no sentido fazer novos concursos mas tamb\u00e9m, remunerar de forma digna esses policiais que todos os dias arriscam suas vidas para defender a sociedade&#8221;. Foto: Vladimir Barreto.<\/p>\n<p style=\"text-align: justify;\">Se inscreva no canal do Blog do Edvaldo Magalh\u00e3es no YouTube e siga no Instagram.<\/p>\n","protected":false},"excerpt":{"rendered":"<p>Na sess\u00e3o ordin\u00e1ria da C\u00e2mara Municipal de Caruaru desta quinta feira (6), o vereador Cabo Cardoso criticou a falta de&hellip;<\/p>\n","protected":false},"author":1,"featured_media":88629,"comment_status":"closed","ping_status":"open","sticky":false,"template":"","format":"standard","meta":{"footnotes":""},"categories":[14122],"tags":[2,19532,3406,20,25768],"class_list":["post-88628","post","type-post","status-publish","format-standard","has-post-thumbnail","hentry","category-politica","tag-blog-do-edvaldo-magalhaes","tag-blog-mais-acessado-e-visualizado-de-caruaru-e-regiao","tag-caruaru","tag-politica","tag-vereador-cabo-cardoso-cobra-o-edital-dos-concursos-da-policia-e-bombeiro-militar-de-pernambuco"],"_links":{"self":[{"href":"https:\/\/blogdoedvaldomagalhaes.com.br\/index.php\/wp-json\/wp\/v2\/posts\/88628","targetHints":{"allow":["GET"]}}],"collection":[{"href":"https:\/\/blogdoedvaldomagalhaes.com.br\/index.php\/wp-json\/wp\/v2\/posts"}],"about":[{"href":"https:\/\/blogdoedvaldomagalhaes.com.br\/index.php\/wp-json\/wp\/v2\/types\/post"}],"author":[{"embeddable":true,"href":"https:\/\/blogdoedvaldomagalhaes.com.br\/index.php\/wp-json\/wp\/v2\/users\/1"}],"replies":[{"embeddable":true,"href":"https:\/\/blogdoedvaldomagalhaes.com.br\/index.php\/wp-json\/wp\/v2\/comments?post=88628"}],"version-history":[{"count":1,"href":"https:\/\/blogdoedvaldomagalhaes.com.br\/index.php\/wp-json\/wp\/v2\/posts\/88628\/revisions"}],"predecessor-version":[{"id":88630,"href":"https:\/\/blogdoedvaldomagalhaes.com.br\/index.php\/wp-json\/wp\/v2\/posts\/88628\/revisions\/88630"}],"wp:featuredmedia":[{"embeddable":true,"href":"https:\/\/blogdoedvaldomagalhaes.com.br\/index.php\/wp-json\/wp\/v2\/media\/88629"}],"wp:attachment":[{"href":"https:\/\/blogdoedvaldomagalhaes.com.br\/index.php\/wp-json\/wp\/v2\/media?parent=88628"}],"wp:term":[{"taxonomy":"category","embeddable":true,"href":"https:\/\/blogdoedvaldomagalhaes.com.br\/index.php\/wp-json\/wp\/v2\/categories?post=88628"},{"taxonomy":"post_tag","embeddable":true,"href":"https:\/\/blogdoedvaldomagalhaes.com.br\/index.php\/wp-json\/wp\/v2\/tags?post=88628"}],"curies":[{"name":"wp","href":"https:\/\/api.w.org\/{rel}","templated":true}]}}