{"id":88625,"date":"2022-10-06T16:33:44","date_gmt":"2022-10-06T19:33:44","guid":{"rendered":"https:\/\/blogdoedvaldomagalhaes.com.br\/?p=88625"},"modified":"2022-10-06T16:33:47","modified_gmt":"2022-10-06T19:33:47","slug":"anderson-correia-comemora-solicitacoes-atendidas-no-plano-plurianual-hospital-publico-veterinario-casa-de-passagem-atendimento-24h-da-ame-e-cirurgias-ortopedicas","status":"publish","type":"post","link":"https:\/\/blogdoedvaldomagalhaes.com.br\/index.php\/2022\/10\/06\/anderson-correia-comemora-solicitacoes-atendidas-no-plano-plurianual-hospital-publico-veterinario-casa-de-passagem-atendimento-24h-da-ame-e-cirurgias-ortopedicas\/","title":{"rendered":"Anderson Correia comemora solicita\u00e7\u00f5es atendidas no Plano Plurianual: hospital p\u00fablico veterin\u00e1rio, casa de passagem, atendimento 24h da AME e cirurgias ortop\u00e9dicas"},"content":{"rendered":"<p style=\"text-align: justify;\"><span style=\"color: initial; font-size: revert;\">O vereador Anderson Correia est\u00e1 comemorando a chegada do projeto de lei da revis\u00e3o do Plano Plurianual 2023\/2025, enviado nesta quinta-feira (06) para a C\u00e2mara Municipal de Caruaru. A raz\u00e3o pela alegria do Defensor dos Animais \u00e9 que, no texto, foram colocadas v\u00e1rias solicita\u00e7\u00f5es do edil referentes \u00e0 causa animal no munic\u00edpio, como estas:<\/span><\/p>\n<p style=\"text-align: justify;\">&#8211; Constru\u00e7\u00e3o do Hospital P\u00fablico Veterin\u00e1rio;<br \/>\n&#8211; Construir Casa de Passagem para animais em vulnerabilidade;<br \/>\n&#8211; Dispor de servi\u00e7os cir\u00fargicos ortop\u00e9dicos para animais de rua e de tutores baixa renda;<br \/>\n&#8211; Cria\u00e7\u00e3o de uma secretaria executiva de direitos dos animais, na pasta de servi\u00e7os p\u00fablicos;<br \/>\n&#8211; Censo animal: mapear a popula\u00e7\u00e3o de c\u00e3es e gatos no munic\u00edpio;<br \/>\n&#8211; Implanta\u00e7\u00e3o do SAMU animal;<br \/>\n&#8211; Contrata\u00e7\u00e3o de veterin\u00e1rio para a AME Animal;<br \/>\n&#8211; Amplia\u00e7\u00e3o do hor\u00e1rio da AME Animal para 24h;<br \/>\n&#8211; Amplia\u00e7\u00e3o da AME animal, com o oferecimento de exames laboratoriais, exames de imagens e cirurgias eletivas de ortopedia;<\/p>\n<p style=\"text-align: justify;\">O advogado animalista se mostrou muito satisfeito com a not\u00edcia, ressaltando seu pioneirismo pela constru\u00e7\u00e3o do hospital p\u00fablico veterin\u00e1rio na Capital do Agreste, al\u00e9m de ver o progresso das pautas animalistas no munic\u00edpio, com pol\u00edticas p\u00fablicas efetivas em prol dos animais.<\/p>\n<p style=\"text-align: justify;\">\u201cNossa luta tem dado frutos. N\u00e3o \u00e9 de hoje que lutamos para vermos pol\u00edticas p\u00fablicas animalistas sendo aplicadas assim na pauta de um plano plurianual do nosso munic\u00edpio. Isso \u00e9 uma grande conquista da bandeira animalista. O hospital p\u00fablico veterin\u00e1rio, que \u00e9 uma pauta minha muito antes de me tornar vereador, \u00e9 cada vez mais poss\u00edvel e todos ganhamos com isso. Minha gratid\u00e3o e parab\u00e9ns ao prefeito Rodrigo Pinheiro pela sensibilidade com pauta da causa animal. Se todos esses pedidos sa\u00edrem do papel, Caruaru entrar\u00e1 para a hist\u00f3ria e se tornar\u00e1 refer\u00eancia para v\u00e1rios estados do Brasil\u201d, destacou Anderson.<\/p>\n","protected":false},"excerpt":{"rendered":"<p>O vereador Anderson Correia est\u00e1 comemorando a chegada do projeto de lei da revis\u00e3o do Plano Plurianual 2023\/2025, enviado nesta&hellip;<\/p>\n","protected":false},"author":1,"featured_media":88626,"comment_status":"closed","ping_status":"open","sticky":false,"template":"","format":"standard","meta":{"footnotes":""},"categories":[14122],"tags":[25767,2,19532,3406,20],"class_list":["post-88625","post","type-post","status-publish","format-standard","has-post-thumbnail","hentry","category-politica","tag-anderson-correia-comemora-solicitacoes-atendidas-no-plano-plurianual-hospital-publico-veterinario-casa-de-passagem-atendimento-24h-da-ame-e-cirurgias-ortopedicas","tag-blog-do-edvaldo-magalhaes","tag-blog-mais-acessado-e-visualizado-de-caruaru-e-regiao","tag-caruaru","tag-politica"],"_links":{"self":[{"href":"https:\/\/blogdoedvaldomagalhaes.com.br\/index.php\/wp-json\/wp\/v2\/posts\/88625","targetHints":{"allow":["GET"]}}],"collection":[{"href":"https:\/\/blogdoedvaldomagalhaes.com.br\/index.php\/wp-json\/wp\/v2\/posts"}],"about":[{"href":"https:\/\/blogdoedvaldomagalhaes.com.br\/index.php\/wp-json\/wp\/v2\/types\/post"}],"author":[{"embeddable":true,"href":"https:\/\/blogdoedvaldomagalhaes.com.br\/index.php\/wp-json\/wp\/v2\/users\/1"}],"replies":[{"embeddable":true,"href":"https:\/\/blogdoedvaldomagalhaes.com.br\/index.php\/wp-json\/wp\/v2\/comments?post=88625"}],"version-history":[{"count":1,"href":"https:\/\/blogdoedvaldomagalhaes.com.br\/index.php\/wp-json\/wp\/v2\/posts\/88625\/revisions"}],"predecessor-version":[{"id":88627,"href":"https:\/\/blogdoedvaldomagalhaes.com.br\/index.php\/wp-json\/wp\/v2\/posts\/88625\/revisions\/88627"}],"wp:featuredmedia":[{"embeddable":true,"href":"https:\/\/blogdoedvaldomagalhaes.com.br\/index.php\/wp-json\/wp\/v2\/media\/88626"}],"wp:attachment":[{"href":"https:\/\/blogdoedvaldomagalhaes.com.br\/index.php\/wp-json\/wp\/v2\/media?parent=88625"}],"wp:term":[{"taxonomy":"category","embeddable":true,"href":"https:\/\/blogdoedvaldomagalhaes.com.br\/index.php\/wp-json\/wp\/v2\/categories?post=88625"},{"taxonomy":"post_tag","embeddable":true,"href":"https:\/\/blogdoedvaldomagalhaes.com.br\/index.php\/wp-json\/wp\/v2\/tags?post=88625"}],"curies":[{"name":"wp","href":"https:\/\/api.w.org\/{rel}","templated":true}]}}