{"id":88622,"date":"2022-10-06T13:12:59","date_gmt":"2022-10-06T16:12:59","guid":{"rendered":"https:\/\/blogdoedvaldomagalhaes.com.br\/?p=88622"},"modified":"2022-10-06T13:13:00","modified_gmt":"2022-10-06T16:13:00","slug":"vitoria-da-causa-animal-plano-plurianual-traz-hospital-publico-veterinario-e-ampliacao-da-ame-animal-requerimentos-de-fagner-fernandes","status":"publish","type":"post","link":"https:\/\/blogdoedvaldomagalhaes.com.br\/index.php\/2022\/10\/06\/vitoria-da-causa-animal-plano-plurianual-traz-hospital-publico-veterinario-e-ampliacao-da-ame-animal-requerimentos-de-fagner-fernandes\/","title":{"rendered":"Vit\u00f3ria da causa animal: plano plurianual traz hospital p\u00fablico veterin\u00e1rio e amplia\u00e7\u00e3o da Ame Animal, requerimentos de Fagner Fernandes"},"content":{"rendered":"<p style=\"text-align: justify;\"><span style=\"font-size: revert; color: initial;\">Na manh\u00e3 desta quinta-feira (06), o prefeito de Caruaru, Rodrigo Pinheiro, enviou para a C\u00e2mara de Vereadores o plano plurianual para ser analisado. Na p\u00e1gina 8 do documento, \u00e9 poss\u00edvel encontrar diversas a\u00e7\u00f5es voltadas para a causa animal e que s\u00e3o requerimentos do vereador Fagner Fernandes. Podemos citar o Samuvet (requerimento 35\/2017); amplia\u00e7\u00e3o da Ame Animal, com mais veterin\u00e1rios e estender o hor\u00e1rio de atendimento (requerimento 38\/2017); conv\u00eanio com cl\u00ednicas veterin\u00e1rias particulares (requerimento 881\/2017) e a cria\u00e7\u00e3o do hospital p\u00fablico veterin\u00e1rio (requerimento 103\/2017).<\/span><\/p>\n<p style=\"text-align: justify;\">Para Fagner, \u00e9 uma grande conquista para os animais de Caruaru. \u201cFoi com grande felicidade que recebi o plano plurianual tendo as a\u00e7\u00f5es voltadas para a causa animal, que tanto lutei, desde que fui eleito. Requerimentos meus j\u00e1 foram atendidos, como o castram\u00f3vel e o conv\u00eanio com cl\u00ednicas veterin\u00e1rias particulares, e, agora, vamos aguardar o Samuvet, a amplia\u00e7\u00e3o do atendimento e do quadro de funcion\u00e1rios da Ame Animal e o nosso maior sonho, que \u00e9 a constru\u00e7\u00e3o do hospital p\u00fablico veterin\u00e1rio com cirurgias ortop\u00e9dicas, que desde 2017 venho batalhando por isso. Quero agradecer ao prefeito Rodrigo Pinheiro pelo novo olhar que est\u00e1 dando a causa animal. \u00c9 uma vit\u00f3ria para os nossos animais\u201d, disse. Foto: Vladimir Barreto.<\/p>\n<p style=\"text-align: justify;\">Se inscreva no canal do Blog do Edvaldo Magalh\u00e3es no YouTube e siga no Instagram.<\/p>\n","protected":false},"excerpt":{"rendered":"<p>Na manh\u00e3 desta quinta-feira (06), o prefeito de Caruaru, Rodrigo Pinheiro, enviou para a C\u00e2mara de Vereadores o plano plurianual&hellip;<\/p>\n","protected":false},"author":1,"featured_media":88623,"comment_status":"closed","ping_status":"open","sticky":false,"template":"","format":"standard","meta":{"footnotes":""},"categories":[14122],"tags":[2,19532,3406,20,25766],"class_list":["post-88622","post","type-post","status-publish","format-standard","has-post-thumbnail","hentry","category-politica","tag-blog-do-edvaldo-magalhaes","tag-blog-mais-acessado-e-visualizado-de-caruaru-e-regiao","tag-caruaru","tag-politica","tag-vitoria-da-causa-animal-plano-plurianual-traz-hospital-publico-veterinario-e-ampliacao-da-ame-animal-requerimentos-de-fagner-fernandes"],"_links":{"self":[{"href":"https:\/\/blogdoedvaldomagalhaes.com.br\/index.php\/wp-json\/wp\/v2\/posts\/88622","targetHints":{"allow":["GET"]}}],"collection":[{"href":"https:\/\/blogdoedvaldomagalhaes.com.br\/index.php\/wp-json\/wp\/v2\/posts"}],"about":[{"href":"https:\/\/blogdoedvaldomagalhaes.com.br\/index.php\/wp-json\/wp\/v2\/types\/post"}],"author":[{"embeddable":true,"href":"https:\/\/blogdoedvaldomagalhaes.com.br\/index.php\/wp-json\/wp\/v2\/users\/1"}],"replies":[{"embeddable":true,"href":"https:\/\/blogdoedvaldomagalhaes.com.br\/index.php\/wp-json\/wp\/v2\/comments?post=88622"}],"version-history":[{"count":1,"href":"https:\/\/blogdoedvaldomagalhaes.com.br\/index.php\/wp-json\/wp\/v2\/posts\/88622\/revisions"}],"predecessor-version":[{"id":88624,"href":"https:\/\/blogdoedvaldomagalhaes.com.br\/index.php\/wp-json\/wp\/v2\/posts\/88622\/revisions\/88624"}],"wp:featuredmedia":[{"embeddable":true,"href":"https:\/\/blogdoedvaldomagalhaes.com.br\/index.php\/wp-json\/wp\/v2\/media\/88623"}],"wp:attachment":[{"href":"https:\/\/blogdoedvaldomagalhaes.com.br\/index.php\/wp-json\/wp\/v2\/media?parent=88622"}],"wp:term":[{"taxonomy":"category","embeddable":true,"href":"https:\/\/blogdoedvaldomagalhaes.com.br\/index.php\/wp-json\/wp\/v2\/categories?post=88622"},{"taxonomy":"post_tag","embeddable":true,"href":"https:\/\/blogdoedvaldomagalhaes.com.br\/index.php\/wp-json\/wp\/v2\/tags?post=88622"}],"curies":[{"name":"wp","href":"https:\/\/api.w.org\/{rel}","templated":true}]}}