{"id":88612,"date":"2022-10-05T21:26:24","date_gmt":"2022-10-06T00:26:24","guid":{"rendered":"https:\/\/blogdoedvaldomagalhaes.com.br\/?p=88612"},"modified":"2022-10-05T21:26:25","modified_gmt":"2022-10-06T00:26:25","slug":"homicidio-homem-e-queimado-vivo-em-caruaru","status":"publish","type":"post","link":"https:\/\/blogdoedvaldomagalhaes.com.br\/index.php\/2022\/10\/05\/homicidio-homem-e-queimado-vivo-em-caruaru\/","title":{"rendered":"Homic\u00eddio: Homem \u00e9 queimado vivo em Caruaru"},"content":{"rendered":"<p style=\"text-align: justify;\"><span style=\"font-size: revert; color: initial;\">Um b\u00e1rbaro crime de morte foi registrado pela pol\u00edcia nesta quarta-feira (05), nas proximidades do bairro Luiz Gonzaga, em Caruaru. Um corpo carbonizado de um homem ainda n\u00e3o identificado, foi encontrado em uma estrada vicinal. O corpo ainda estava em chamas, quando foi encontrado por populares.<\/span><\/p>\n<p style=\"text-align: justify;\">De acordo com o delegado da 20\u00aa Delegacia de Homic\u00eddios, M\u00e1rcio George, os peritos criminaos constataram que a v\u00edtima foi assassinada durante a madrugada e que pelos vest\u00edgios encontrados no local a v\u00edtima estava viva quando atearam fogo nela e que agonizando e com o corpo em chamas se debateu bastante. O delegado afirmou ainda que n\u00e3o foi encontrada nenhuma les\u00e3o e nem perfura\u00e7\u00f5es no corpo que foi encaminhado para o IML local e dever\u00e1 ser transferido para o IML do Recife.<\/p>\n<p style=\"text-align: justify;\">Este foi o 2\u00ba homic\u00eddio no m\u00eas de outubro, e o 65\u00ba do ano de 2022, em Caruaru.<\/p>\n","protected":false},"excerpt":{"rendered":"<p>Um b\u00e1rbaro crime de morte foi registrado pela pol\u00edcia nesta quarta-feira (05), nas proximidades do bairro Luiz Gonzaga, em Caruaru.&hellip;<\/p>\n","protected":false},"author":1,"featured_media":88613,"comment_status":"closed","ping_status":"open","sticky":false,"template":"","format":"standard","meta":{"footnotes":""},"categories":[14121],"tags":[2,19532,3406,25764],"class_list":["post-88612","post","type-post","status-publish","format-standard","has-post-thumbnail","hentry","category-policial","tag-blog-do-edvaldo-magalhaes","tag-blog-mais-acessado-e-visualizado-de-caruaru-e-regiao","tag-caruaru","tag-homicidio-homem-e-queimado-vivo-em-caruaru"],"_links":{"self":[{"href":"https:\/\/blogdoedvaldomagalhaes.com.br\/index.php\/wp-json\/wp\/v2\/posts\/88612","targetHints":{"allow":["GET"]}}],"collection":[{"href":"https:\/\/blogdoedvaldomagalhaes.com.br\/index.php\/wp-json\/wp\/v2\/posts"}],"about":[{"href":"https:\/\/blogdoedvaldomagalhaes.com.br\/index.php\/wp-json\/wp\/v2\/types\/post"}],"author":[{"embeddable":true,"href":"https:\/\/blogdoedvaldomagalhaes.com.br\/index.php\/wp-json\/wp\/v2\/users\/1"}],"replies":[{"embeddable":true,"href":"https:\/\/blogdoedvaldomagalhaes.com.br\/index.php\/wp-json\/wp\/v2\/comments?post=88612"}],"version-history":[{"count":1,"href":"https:\/\/blogdoedvaldomagalhaes.com.br\/index.php\/wp-json\/wp\/v2\/posts\/88612\/revisions"}],"predecessor-version":[{"id":88614,"href":"https:\/\/blogdoedvaldomagalhaes.com.br\/index.php\/wp-json\/wp\/v2\/posts\/88612\/revisions\/88614"}],"wp:featuredmedia":[{"embeddable":true,"href":"https:\/\/blogdoedvaldomagalhaes.com.br\/index.php\/wp-json\/wp\/v2\/media\/88613"}],"wp:attachment":[{"href":"https:\/\/blogdoedvaldomagalhaes.com.br\/index.php\/wp-json\/wp\/v2\/media?parent=88612"}],"wp:term":[{"taxonomy":"category","embeddable":true,"href":"https:\/\/blogdoedvaldomagalhaes.com.br\/index.php\/wp-json\/wp\/v2\/categories?post=88612"},{"taxonomy":"post_tag","embeddable":true,"href":"https:\/\/blogdoedvaldomagalhaes.com.br\/index.php\/wp-json\/wp\/v2\/tags?post=88612"}],"curies":[{"name":"wp","href":"https:\/\/api.w.org\/{rel}","templated":true}]}}