{"id":88609,"date":"2022-10-05T19:53:43","date_gmt":"2022-10-05T22:53:43","guid":{"rendered":"https:\/\/blogdoedvaldomagalhaes.com.br\/?p=88609"},"modified":"2022-10-05T19:53:44","modified_gmt":"2022-10-05T22:53:44","slug":"fundacao-de-cultura-de-caruaru-funciona-em-novo-endereco","status":"publish","type":"post","link":"https:\/\/blogdoedvaldomagalhaes.com.br\/index.php\/2022\/10\/05\/fundacao-de-cultura-de-caruaru-funciona-em-novo-endereco\/","title":{"rendered":"Funda\u00e7\u00e3o de Cultura de Caruaru funciona em novo endere\u00e7o"},"content":{"rendered":"<p style=\"text-align: justify;\"><span style=\"color: initial; font-size: revert;\">No intuito de aproximar ainda mais o artista local da cidade, aos espa\u00e7os de fomento \u00e0 cultura tradicional e popular, a Prefeitura de Caruaru, atrav\u00e9s da Funda\u00e7\u00e3o de Cultura, informa que, a partir desta quinta-feira (6), a FCC passar\u00e1 a funcionar em um novo espa\u00e7o.<\/span><\/p>\n<p style=\"text-align: justify;\">Mais bem localizado, no centro da cidade, o novo pr\u00e9dio da funda\u00e7\u00e3o est\u00e1 ligado diretamente aos grandes centros culturais locais como o P\u00e1tio de Eventos Luiz Lua Gonzaga, a Esta\u00e7\u00e3o Ferrovi\u00e1ria, que est\u00e1 passando por reforma e em breve ser\u00e1 entregue a popula\u00e7\u00e3o totalmente requalificada, com o novo Centro Ferrovi\u00e1rio, al\u00e9m do Espa\u00e7o Cultural Tancredo Neves, a Feira de Artesanato e as demais e os museus da cidade.<\/p>\n<p style=\"text-align: justify;\">&#8220;Este novo espa\u00e7o tamb\u00e9m foi pensado para o artista, com uma melhor mobilidade e um acesso maior aos nossos eventos para nossa funcionalidade e nossos projetos. Com esta localiza\u00e7\u00e3o mais central, tudo se tornar\u00e1 de mais f\u00e1cil acesso, como por exemplo, no m\u00eas de junho, que temos um fluxo maior de demanda&#8221;, pontuou o presidente da Funda\u00e7\u00e3o de Cultura de Caruaru, Rafael Martiniano.<\/p>\n<p style=\"text-align: justify;\">A nova sede est\u00e1 localizada na Av. Frei Caneca, S\/N, no antigo pr\u00e9dio da Coletoria. O atendimento continuar\u00e1 o mesmo, no hor\u00e1rio das 8h \u00e0s 14h, de segunda a sexta.<\/p>\n","protected":false},"excerpt":{"rendered":"<p>No intuito de aproximar ainda mais o artista local da cidade, aos espa\u00e7os de fomento \u00e0 cultura tradicional e popular,&hellip;<\/p>\n","protected":false},"author":1,"featured_media":88610,"comment_status":"closed","ping_status":"open","sticky":false,"template":"","format":"standard","meta":{"footnotes":""},"categories":[14120],"tags":[2,19532,3406,25763],"class_list":["post-88609","post","type-post","status-publish","format-standard","has-post-thumbnail","hentry","category-noticias","tag-blog-do-edvaldo-magalhaes","tag-blog-mais-acessado-e-visualizado-de-caruaru-e-regiao","tag-caruaru","tag-fundacao-de-cultura-de-caruaru-funciona-em-novo-endereco"],"_links":{"self":[{"href":"https:\/\/blogdoedvaldomagalhaes.com.br\/index.php\/wp-json\/wp\/v2\/posts\/88609","targetHints":{"allow":["GET"]}}],"collection":[{"href":"https:\/\/blogdoedvaldomagalhaes.com.br\/index.php\/wp-json\/wp\/v2\/posts"}],"about":[{"href":"https:\/\/blogdoedvaldomagalhaes.com.br\/index.php\/wp-json\/wp\/v2\/types\/post"}],"author":[{"embeddable":true,"href":"https:\/\/blogdoedvaldomagalhaes.com.br\/index.php\/wp-json\/wp\/v2\/users\/1"}],"replies":[{"embeddable":true,"href":"https:\/\/blogdoedvaldomagalhaes.com.br\/index.php\/wp-json\/wp\/v2\/comments?post=88609"}],"version-history":[{"count":1,"href":"https:\/\/blogdoedvaldomagalhaes.com.br\/index.php\/wp-json\/wp\/v2\/posts\/88609\/revisions"}],"predecessor-version":[{"id":88611,"href":"https:\/\/blogdoedvaldomagalhaes.com.br\/index.php\/wp-json\/wp\/v2\/posts\/88609\/revisions\/88611"}],"wp:featuredmedia":[{"embeddable":true,"href":"https:\/\/blogdoedvaldomagalhaes.com.br\/index.php\/wp-json\/wp\/v2\/media\/88610"}],"wp:attachment":[{"href":"https:\/\/blogdoedvaldomagalhaes.com.br\/index.php\/wp-json\/wp\/v2\/media?parent=88609"}],"wp:term":[{"taxonomy":"category","embeddable":true,"href":"https:\/\/blogdoedvaldomagalhaes.com.br\/index.php\/wp-json\/wp\/v2\/categories?post=88609"},{"taxonomy":"post_tag","embeddable":true,"href":"https:\/\/blogdoedvaldomagalhaes.com.br\/index.php\/wp-json\/wp\/v2\/tags?post=88609"}],"curies":[{"name":"wp","href":"https:\/\/api.w.org\/{rel}","templated":true}]}}