{"id":88603,"date":"2022-10-05T19:39:15","date_gmt":"2022-10-05T22:39:15","guid":{"rendered":"https:\/\/blogdoedvaldomagalhaes.com.br\/?p=88603"},"modified":"2022-10-05T19:39:15","modified_gmt":"2022-10-05T22:39:15","slug":"em-caruaru-equipe-de-garis-formada-por-mulheres-leva-mensagem-de-conscientizacao-e-prevencao-ao-cancer-de-mama","status":"publish","type":"post","link":"https:\/\/blogdoedvaldomagalhaes.com.br\/index.php\/2022\/10\/05\/em-caruaru-equipe-de-garis-formada-por-mulheres-leva-mensagem-de-conscientizacao-e-prevencao-ao-cancer-de-mama\/","title":{"rendered":"Em Caruaru, equipe de garis formada por mulheres leva mensagem de conscientiza\u00e7\u00e3o e preven\u00e7\u00e3o ao C\u00e2ncer de Mama"},"content":{"rendered":"<p style=\"text-align: justify;\"><span style=\"color: initial; font-size: revert;\">A Secretaria de Servi\u00e7os P\u00fablicos e Sustentabilidade (SESP), em parceria com a Locar, est\u00e1 com uma equipe de garis formada por quatro mulheres, que est\u00e1 percorrendo as ruas da cidade realizando a coleta do lixo domiciliar.<\/span><\/p>\n<p style=\"text-align: justify;\">Elas t\u00eam chamado aten\u00e7\u00e3o pelas ruas n\u00e3o s\u00f3 pela qualidade do servi\u00e7o prestado, mas tamb\u00e9m porque al\u00e9m de esbanjar charme e beleza, elas realizam um trabalho de conscientiza\u00e7\u00e3o e preven\u00e7\u00e3o ao c\u00e2ncer de mama; isso porque de longe \u00e9 poss\u00edvel ver o fardamento rosa e o caminh\u00e3o de coleta, dirigido por Aline Priscila, todo adesivado alusivo \u00e0 campanha.<\/p>\n<p style=\"text-align: justify;\">\u201cEu me sinto muito feliz de poder participar dessa campanha, de poder ajudar a conscientizar outras mulheres sobre a import\u00e2ncia de fazer o exame preventivo do c\u00e2ncer de mama. De poder chamar a aten\u00e7\u00e3o da sociedade para uma causa t\u00e3o importante como \u00e9 o Outubro Rosa\u201d, comentou, Aline.<\/p>\n<p style=\"text-align: justify;\">A receptividade da popula\u00e7\u00e3o tem sido positiva, muitos param e tiram fotos, outros buzinam e sinalizam parabenizando pela iniciativa. Carinho que fez com que a equipe que seria contratada apenas por um m\u00eas fosse efetivada pela empresa terceirizada para prestar o servi\u00e7o ao munic\u00edpio atrav\u00e9s da prefeitura de Caruaru.<\/p>\n<p style=\"text-align: justify;\">\u201cN\u00f3s, enquanto \u00f3rg\u00e3o p\u00fablico, temos um papel importante na conscientiza\u00e7\u00e3o da sociedade em diversos aspectos e, principalmente, quando o assunto \u00e9 sa\u00fade. E por que n\u00e3o fazer da coleta de lixo domiciliar um meio de tamb\u00e9m levar informa\u00e7\u00e3o?! Ent\u00e3o, abra\u00e7amos essa iniciativa junto com a Locar n\u00e3o s\u00f3 realizando a limpeza das vias p\u00fablicas, mas tamb\u00e9m levando a mensagem de preven\u00e7\u00e3o e conscientiza\u00e7\u00e3o do c\u00e2ncer de mama. Doen\u00e7a que, infelizmente, atinge muitas mulheres no nosso pa\u00eds\u201d, destacou o secret\u00e1rio da SESP, Manoel \u00c1vila.<\/p>\n\n\n<figure class=\"wp-block-image size-large\"><img loading=\"lazy\" decoding=\"async\" width=\"1024\" height=\"682\" src=\"https:\/\/blogdoedvaldomagalhaes.com.br\/wp-content\/uploads\/2022\/10\/IMG-20221005-WA0122-1024x682.jpg\" alt=\"\" class=\"wp-image-88605\" srcset=\"https:\/\/blogdoedvaldomagalhaes.com.br\/wp-content\/uploads\/2022\/10\/IMG-20221005-WA0122-1024x682.jpg 1024w, https:\/\/blogdoedvaldomagalhaes.com.br\/wp-content\/uploads\/2022\/10\/IMG-20221005-WA0122-300x200.jpg 300w, https:\/\/blogdoedvaldomagalhaes.com.br\/wp-content\/uploads\/2022\/10\/IMG-20221005-WA0122-768x512.jpg 768w, https:\/\/blogdoedvaldomagalhaes.com.br\/wp-content\/uploads\/2022\/10\/IMG-20221005-WA0122.jpg 1280w\" sizes=\"auto, (max-width: 1024px) 100vw, 1024px\" \/><\/figure>\n\n\n\n<figure class=\"wp-block-image size-large\"><img loading=\"lazy\" decoding=\"async\" width=\"1024\" height=\"682\" src=\"https:\/\/blogdoedvaldomagalhaes.com.br\/wp-content\/uploads\/2022\/10\/IMG-20221005-WA0126-1024x682.jpg\" alt=\"\" class=\"wp-image-88606\" srcset=\"https:\/\/blogdoedvaldomagalhaes.com.br\/wp-content\/uploads\/2022\/10\/IMG-20221005-WA0126-1024x682.jpg 1024w, https:\/\/blogdoedvaldomagalhaes.com.br\/wp-content\/uploads\/2022\/10\/IMG-20221005-WA0126-300x200.jpg 300w, https:\/\/blogdoedvaldomagalhaes.com.br\/wp-content\/uploads\/2022\/10\/IMG-20221005-WA0126-768x512.jpg 768w, https:\/\/blogdoedvaldomagalhaes.com.br\/wp-content\/uploads\/2022\/10\/IMG-20221005-WA0126.jpg 1280w\" sizes=\"auto, (max-width: 1024px) 100vw, 1024px\" \/><\/figure>\n\n\n\n<figure class=\"wp-block-image size-large is-resized\"><img loading=\"lazy\" decoding=\"async\" src=\"https:\/\/blogdoedvaldomagalhaes.com.br\/wp-content\/uploads\/2022\/10\/IMG-20221005-WA0121-1024x682.jpg\" alt=\"\" class=\"wp-image-88607\" width=\"340\" height=\"226\" srcset=\"https:\/\/blogdoedvaldomagalhaes.com.br\/wp-content\/uploads\/2022\/10\/IMG-20221005-WA0121-1024x682.jpg 1024w, https:\/\/blogdoedvaldomagalhaes.com.br\/wp-content\/uploads\/2022\/10\/IMG-20221005-WA0121-300x200.jpg 300w, https:\/\/blogdoedvaldomagalhaes.com.br\/wp-content\/uploads\/2022\/10\/IMG-20221005-WA0121-768x512.jpg 768w, https:\/\/blogdoedvaldomagalhaes.com.br\/wp-content\/uploads\/2022\/10\/IMG-20221005-WA0121.jpg 1280w\" sizes=\"auto, (max-width: 340px) 100vw, 340px\" \/><figcaption>Fotos: Felipe Correia<\/figcaption><\/figure>\n","protected":false},"excerpt":{"rendered":"<p>A Secretaria de Servi\u00e7os P\u00fablicos e Sustentabilidade (SESP), em parceria com a Locar, est\u00e1 com uma equipe de garis formada&hellip;<\/p>\n","protected":false},"author":1,"featured_media":88604,"comment_status":"closed","ping_status":"open","sticky":false,"template":"","format":"standard","meta":{"footnotes":""},"categories":[14120],"tags":[2,19532,3406,25762],"class_list":["post-88603","post","type-post","status-publish","format-standard","has-post-thumbnail","hentry","category-noticias","tag-blog-do-edvaldo-magalhaes","tag-blog-mais-acessado-e-visualizado-de-caruaru-e-regiao","tag-caruaru","tag-em-caruaru-equipe-de-garis-formada-por-mulheres-leva-mensagem-de-conscientizacao-e-prevencao-ao-cancer-de-mama"],"_links":{"self":[{"href":"https:\/\/blogdoedvaldomagalhaes.com.br\/index.php\/wp-json\/wp\/v2\/posts\/88603","targetHints":{"allow":["GET"]}}],"collection":[{"href":"https:\/\/blogdoedvaldomagalhaes.com.br\/index.php\/wp-json\/wp\/v2\/posts"}],"about":[{"href":"https:\/\/blogdoedvaldomagalhaes.com.br\/index.php\/wp-json\/wp\/v2\/types\/post"}],"author":[{"embeddable":true,"href":"https:\/\/blogdoedvaldomagalhaes.com.br\/index.php\/wp-json\/wp\/v2\/users\/1"}],"replies":[{"embeddable":true,"href":"https:\/\/blogdoedvaldomagalhaes.com.br\/index.php\/wp-json\/wp\/v2\/comments?post=88603"}],"version-history":[{"count":1,"href":"https:\/\/blogdoedvaldomagalhaes.com.br\/index.php\/wp-json\/wp\/v2\/posts\/88603\/revisions"}],"predecessor-version":[{"id":88608,"href":"https:\/\/blogdoedvaldomagalhaes.com.br\/index.php\/wp-json\/wp\/v2\/posts\/88603\/revisions\/88608"}],"wp:featuredmedia":[{"embeddable":true,"href":"https:\/\/blogdoedvaldomagalhaes.com.br\/index.php\/wp-json\/wp\/v2\/media\/88604"}],"wp:attachment":[{"href":"https:\/\/blogdoedvaldomagalhaes.com.br\/index.php\/wp-json\/wp\/v2\/media?parent=88603"}],"wp:term":[{"taxonomy":"category","embeddable":true,"href":"https:\/\/blogdoedvaldomagalhaes.com.br\/index.php\/wp-json\/wp\/v2\/categories?post=88603"},{"taxonomy":"post_tag","embeddable":true,"href":"https:\/\/blogdoedvaldomagalhaes.com.br\/index.php\/wp-json\/wp\/v2\/tags?post=88603"}],"curies":[{"name":"wp","href":"https:\/\/api.w.org\/{rel}","templated":true}]}}