{"id":88559,"date":"2022-10-05T00:07:40","date_gmt":"2022-10-05T03:07:40","guid":{"rendered":"https:\/\/blogdoedvaldomagalhaes.com.br\/?p=88559"},"modified":"2022-10-05T00:07:42","modified_gmt":"2022-10-05T03:07:42","slug":"guarda-municipal-acaba-com-desmanche-de-motos-na-zona-rural-de-caruaru","status":"publish","type":"post","link":"https:\/\/blogdoedvaldomagalhaes.com.br\/index.php\/2022\/10\/05\/guarda-municipal-acaba-com-desmanche-de-motos-na-zona-rural-de-caruaru\/","title":{"rendered":"Guarda Municipal acaba com desmanche de motos na zona rural de Caruaru"},"content":{"rendered":"<p style=\"text-align: justify;\"><span style=\"color: initial; font-size: revert;\">Nessa ter\u00e7a-feira (04), a equipe da Patrulha Rural da Guarda Municipal de Caruaru (GM) recebeu a informa\u00e7\u00e3o de um popular, pr\u00f3ximo ao campo do Cajueiro, na zona rural, que existia um desmanche de motos.<\/span><\/p>\n<p style=\"text-align: justify;\">O efetivo foi at\u00e9 o local e constatou a veracidade da informa\u00e7\u00e3o, al\u00e9m de pe\u00e7as espalhadas, foi encontrada uma moto abandonada.<\/p>\n<p style=\"text-align: justify;\">A GM conduziu o ve\u00edculo para a Delegacia Regional, para identificar o propriet\u00e1rio e tentar devolver o ve\u00edculo.<\/p>\n<p style=\"text-align: justify;\">Outra ocorr\u00eancia que a GM agiu rapidamente foi registrada na noite do \u00faltimo domingo (02), um suspeito, com porte de faca, estava assaltando no Marco Zero da cidade. Por meio do v\u00eddeomonitoramento, a GM interrompeu a a\u00e7\u00e3o do suspeito, que foi conduzido com a arma branca at\u00e9 a delegacia.<\/p>\n\n\n<figure class=\"wp-block-image size-large\"><img loading=\"lazy\" decoding=\"async\" width=\"1024\" height=\"576\" src=\"https:\/\/blogdoedvaldomagalhaes.com.br\/wp-content\/uploads\/2022\/10\/IMG-20221005-WA0001-1024x576.jpg\" alt=\"\" class=\"wp-image-88561\" srcset=\"https:\/\/blogdoedvaldomagalhaes.com.br\/wp-content\/uploads\/2022\/10\/IMG-20221005-WA0001-1024x576.jpg 1024w, https:\/\/blogdoedvaldomagalhaes.com.br\/wp-content\/uploads\/2022\/10\/IMG-20221005-WA0001-300x169.jpg 300w, https:\/\/blogdoedvaldomagalhaes.com.br\/wp-content\/uploads\/2022\/10\/IMG-20221005-WA0001-768x432.jpg 768w, https:\/\/blogdoedvaldomagalhaes.com.br\/wp-content\/uploads\/2022\/10\/IMG-20221005-WA0001-1536x864.jpg 1536w, https:\/\/blogdoedvaldomagalhaes.com.br\/wp-content\/uploads\/2022\/10\/IMG-20221005-WA0001-1140x641.jpg 1140w, https:\/\/blogdoedvaldomagalhaes.com.br\/wp-content\/uploads\/2022\/10\/IMG-20221005-WA0001-720x405.jpg 720w, https:\/\/blogdoedvaldomagalhaes.com.br\/wp-content\/uploads\/2022\/10\/IMG-20221005-WA0001.jpg 1599w\" sizes=\"auto, (max-width: 1024px) 100vw, 1024px\" \/><\/figure>\n\n\n\n<figure class=\"wp-block-image size-large\"><img loading=\"lazy\" decoding=\"async\" width=\"471\" height=\"1024\" src=\"https:\/\/blogdoedvaldomagalhaes.com.br\/wp-content\/uploads\/2022\/10\/IMG-20221005-WA0002-471x1024.jpg\" alt=\"\" class=\"wp-image-88562\" srcset=\"https:\/\/blogdoedvaldomagalhaes.com.br\/wp-content\/uploads\/2022\/10\/IMG-20221005-WA0002-471x1024.jpg 471w, https:\/\/blogdoedvaldomagalhaes.com.br\/wp-content\/uploads\/2022\/10\/IMG-20221005-WA0002-138x300.jpg 138w, https:\/\/blogdoedvaldomagalhaes.com.br\/wp-content\/uploads\/2022\/10\/IMG-20221005-WA0002.jpg 589w\" sizes=\"auto, (max-width: 471px) 100vw, 471px\" \/><figcaption>Fotos: Divulga\u00e7\u00e3o<\/figcaption><\/figure>\n","protected":false},"excerpt":{"rendered":"<p>Nessa ter\u00e7a-feira (04), a equipe da Patrulha Rural da Guarda Municipal de Caruaru (GM) recebeu a informa\u00e7\u00e3o de um popular,&hellip;<\/p>\n","protected":false},"author":1,"featured_media":88560,"comment_status":"closed","ping_status":"open","sticky":false,"template":"","format":"standard","meta":{"footnotes":""},"categories":[14121],"tags":[2,19532,3406,25750],"class_list":["post-88559","post","type-post","status-publish","format-standard","has-post-thumbnail","hentry","category-policial","tag-blog-do-edvaldo-magalhaes","tag-blog-mais-acessado-e-visualizado-de-caruaru-e-regiao","tag-caruaru","tag-guarda-municipal-acaba-com-desmanche-de-motos-na-zona-rural-de-caruaru"],"_links":{"self":[{"href":"https:\/\/blogdoedvaldomagalhaes.com.br\/index.php\/wp-json\/wp\/v2\/posts\/88559","targetHints":{"allow":["GET"]}}],"collection":[{"href":"https:\/\/blogdoedvaldomagalhaes.com.br\/index.php\/wp-json\/wp\/v2\/posts"}],"about":[{"href":"https:\/\/blogdoedvaldomagalhaes.com.br\/index.php\/wp-json\/wp\/v2\/types\/post"}],"author":[{"embeddable":true,"href":"https:\/\/blogdoedvaldomagalhaes.com.br\/index.php\/wp-json\/wp\/v2\/users\/1"}],"replies":[{"embeddable":true,"href":"https:\/\/blogdoedvaldomagalhaes.com.br\/index.php\/wp-json\/wp\/v2\/comments?post=88559"}],"version-history":[{"count":1,"href":"https:\/\/blogdoedvaldomagalhaes.com.br\/index.php\/wp-json\/wp\/v2\/posts\/88559\/revisions"}],"predecessor-version":[{"id":88563,"href":"https:\/\/blogdoedvaldomagalhaes.com.br\/index.php\/wp-json\/wp\/v2\/posts\/88559\/revisions\/88563"}],"wp:featuredmedia":[{"embeddable":true,"href":"https:\/\/blogdoedvaldomagalhaes.com.br\/index.php\/wp-json\/wp\/v2\/media\/88560"}],"wp:attachment":[{"href":"https:\/\/blogdoedvaldomagalhaes.com.br\/index.php\/wp-json\/wp\/v2\/media?parent=88559"}],"wp:term":[{"taxonomy":"category","embeddable":true,"href":"https:\/\/blogdoedvaldomagalhaes.com.br\/index.php\/wp-json\/wp\/v2\/categories?post=88559"},{"taxonomy":"post_tag","embeddable":true,"href":"https:\/\/blogdoedvaldomagalhaes.com.br\/index.php\/wp-json\/wp\/v2\/tags?post=88559"}],"curies":[{"name":"wp","href":"https:\/\/api.w.org\/{rel}","templated":true}]}}