{"id":88556,"date":"2022-10-04T22:44:58","date_gmt":"2022-10-05T01:44:58","guid":{"rendered":"https:\/\/blogdoedvaldomagalhaes.com.br\/?p=88556"},"modified":"2022-10-04T22:45:00","modified_gmt":"2022-10-05T01:45:00","slug":"homem-e-assassinado-a-tiros-no-centro-de-caruaru","status":"publish","type":"post","link":"https:\/\/blogdoedvaldomagalhaes.com.br\/index.php\/2022\/10\/04\/homem-e-assassinado-a-tiros-no-centro-de-caruaru\/","title":{"rendered":"Homem \u00e9 assassinado a tiros no centro de Caruaru"},"content":{"rendered":"<p style=\"text-align: justify;\">Um crime de morte foi registrado na noite desta ter\u00e7a feira (04), na pra\u00e7a Pedro de Souza, no centro de Caruaru. Segundo informa\u00e7\u00f5es, dois homens estavam dormindo em um colch\u00e3o, quando o algoz usando um casaco cinza chegou a p\u00e9, sacou uma arma de fogo e efetuou diversos disparos.<\/p>\n<p style=\"text-align: justify;\">No momento da a\u00e7\u00e3o uma das v\u00edtimas conseguiu fugir, por\u00e9m, a outra v\u00edtima veio a \u00f3bito no local. A Pol\u00edcia Militar, fez diversas incurs\u00f5es para tenta prender o criminoso, mas n\u00e3o teve \u00eaxito. Foi feito o isolamento da \u00e1rea at\u00e9 a chegada do IC juntamente com a equipe da Delegacia de Homic\u00eddios de Caruaru.<\/p>\n<p style=\"text-align: justify;\">Foto e informa\u00e7\u00f5es: Na Mira da Not\u00edcia.<\/p>\n","protected":false},"excerpt":{"rendered":"<p>Um crime de morte foi registrado na noite desta ter\u00e7a feira (04), na pra\u00e7a Pedro de Souza, no centro de&hellip;<\/p>\n","protected":false},"author":1,"featured_media":88557,"comment_status":"closed","ping_status":"open","sticky":false,"template":"","format":"standard","meta":{"footnotes":""},"categories":[14121],"tags":[2,19532,3406,25749,5448],"class_list":["post-88556","post","type-post","status-publish","format-standard","has-post-thumbnail","hentry","category-policial","tag-blog-do-edvaldo-magalhaes","tag-blog-mais-acessado-e-visualizado-de-caruaru-e-regiao","tag-caruaru","tag-homem-e-assassinado-a-tiros-no-centro-de-caruaru","tag-homicidio"],"_links":{"self":[{"href":"https:\/\/blogdoedvaldomagalhaes.com.br\/index.php\/wp-json\/wp\/v2\/posts\/88556","targetHints":{"allow":["GET"]}}],"collection":[{"href":"https:\/\/blogdoedvaldomagalhaes.com.br\/index.php\/wp-json\/wp\/v2\/posts"}],"about":[{"href":"https:\/\/blogdoedvaldomagalhaes.com.br\/index.php\/wp-json\/wp\/v2\/types\/post"}],"author":[{"embeddable":true,"href":"https:\/\/blogdoedvaldomagalhaes.com.br\/index.php\/wp-json\/wp\/v2\/users\/1"}],"replies":[{"embeddable":true,"href":"https:\/\/blogdoedvaldomagalhaes.com.br\/index.php\/wp-json\/wp\/v2\/comments?post=88556"}],"version-history":[{"count":1,"href":"https:\/\/blogdoedvaldomagalhaes.com.br\/index.php\/wp-json\/wp\/v2\/posts\/88556\/revisions"}],"predecessor-version":[{"id":88558,"href":"https:\/\/blogdoedvaldomagalhaes.com.br\/index.php\/wp-json\/wp\/v2\/posts\/88556\/revisions\/88558"}],"wp:featuredmedia":[{"embeddable":true,"href":"https:\/\/blogdoedvaldomagalhaes.com.br\/index.php\/wp-json\/wp\/v2\/media\/88557"}],"wp:attachment":[{"href":"https:\/\/blogdoedvaldomagalhaes.com.br\/index.php\/wp-json\/wp\/v2\/media?parent=88556"}],"wp:term":[{"taxonomy":"category","embeddable":true,"href":"https:\/\/blogdoedvaldomagalhaes.com.br\/index.php\/wp-json\/wp\/v2\/categories?post=88556"},{"taxonomy":"post_tag","embeddable":true,"href":"https:\/\/blogdoedvaldomagalhaes.com.br\/index.php\/wp-json\/wp\/v2\/tags?post=88556"}],"curies":[{"name":"wp","href":"https:\/\/api.w.org\/{rel}","templated":true}]}}