{"id":884,"date":"2018-10-27T14:23:00","date_gmt":"2018-10-27T16:23:00","guid":{"rendered":"http:\/\/blogdoedvaldomagalhaes.com.br\/index.php\/2018\/10\/27\/agrestina-integra-oficialmente-o-mapa\/"},"modified":"2019-02-09T02:37:07","modified_gmt":"2019-02-09T04:37:07","slug":"agrestina-integra-oficialmente-o-mapa","status":"publish","type":"post","link":"https:\/\/blogdoedvaldomagalhaes.com.br\/index.php\/2018\/10\/27\/agrestina-integra-oficialmente-o-mapa\/","title":{"rendered":"Agrestina integra oficialmente o Mapa do Turismo Brasileiro"},"content":{"rendered":"<div class=\"separator\" style=\"clear: both; text-align: center;\">\n<a href=\"https:\/\/2.bp.blogspot.com\/-9t4CLxaRsRA\/W9R0239XhCI\/AAAAAAAA8e8\/r6nxn5xcFGs8hxygTlNS-t1_IXgjZASdwCLcBGAs\/s1600\/certificado.jpg\" imageanchor=\"1\" style=\"margin-left: 1em; margin-right: 1em;\"><img loading=\"lazy\" decoding=\"async\" border=\"0\" data-original-height=\"362\" data-original-width=\"512\" height=\"450\" src=\"http:\/\/blogdoedvaldomagalhaes.com.br\/wp-content\/uploads\/2018\/10\/certificado.jpg\" width=\"640\" \/><\/a><\/div>\n<div style=\"text-align: justify;\">\n<\/div>\n<div style=\"text-align: justify;\">\nO munic\u00edpio de Agrestina, Pernambuco, por meio do Programa de Regionaliza\u00e7\u00e3o do Turismo e dos Interlocutores Estaduais do PRT, foi contemplada com o certificado digital do Minist\u00e9rio do Turismo (MTur) que o inclui no Mapa do Turismo Brasileiro, de 2017 a 2019.&nbsp;<\/div>\n<div style=\"text-align: justify;\">\n<\/div>\n<div style=\"text-align: justify;\">\nO documento que foi liberado no dia 19 de outubro \u00e9 uma maneira de comprovar a inclus\u00e3o dos 3.285 munic\u00edpios brasileiros no Mapa do Turismo Brasileiro. Agrestina est\u00e1 entre os 103 munic\u00edpios de 16 regi\u00f5es tur\u00edsticas do Estado de Pernambuco a receber a certifica\u00e7\u00e3o. O munic\u00edpio, por meio de uma vis\u00e3o empreendedora da Prefeitura Municipal e da Secretaria de Cultura e Turismo, ocupa a Regi\u00e3o Tur\u00edstica Encantos do Agreste, que une esfor\u00e7os no trabalho do turismo como pol\u00edticas de desenvolvimento local.&nbsp; Um dos compromissos do munic\u00edpio para o setor \u00e9 a manuten\u00e7\u00e3o e adequa\u00e7\u00e3o da infraestrutura tur\u00edstica, salvaguarda do patrim\u00f4nio material e imaterial como atrativo tur\u00edstico, a exemplo das pra\u00e7as, parque e mercado cultural, entre outros.<\/div>\n<div style=\"text-align: justify;\">\n<\/div>\n<div style=\"text-align: justify;\">\nDe acordo com o Minist\u00e9rio do Turismo ter o certificado em m\u00e3os \u00e9 a uma comprova\u00e7\u00e3o de engajamento do setor, e uma das maiores vantagens de obt\u00ea-lo \u00e9 a rapidez e prioridade de acesso aos investimentos federais destinados ao turismo, pleiteado atrav\u00e9s de emendas parlamentares ou direto do MTur.<\/div>\n<div style=\"text-align: justify;\">\n<\/div>\n<div style=\"text-align: justify;\">\n<\/div>\n","protected":false},"excerpt":{"rendered":"<p>O munic\u00edpio de Agrestina, Pernambuco, por meio do Programa de Regionaliza\u00e7\u00e3o do Turismo e dos Interlocutores Estaduais do PRT, foi&hellip;<\/p>\n","protected":false},"author":1,"featured_media":0,"comment_status":"open","ping_status":"open","sticky":false,"template":"","format":"standard","meta":{"footnotes":""},"categories":[1],"tags":[831,2,6],"class_list":["post-884","post","type-post","status-publish","format-standard","hentry","category-sem-categoria","tag-agrestina-integra-oficialmente-o-mapa-do-turismo-brasileiro","tag-blog-do-edvaldo-magalhaes","tag-noticias"],"_links":{"self":[{"href":"https:\/\/blogdoedvaldomagalhaes.com.br\/index.php\/wp-json\/wp\/v2\/posts\/884","targetHints":{"allow":["GET"]}}],"collection":[{"href":"https:\/\/blogdoedvaldomagalhaes.com.br\/index.php\/wp-json\/wp\/v2\/posts"}],"about":[{"href":"https:\/\/blogdoedvaldomagalhaes.com.br\/index.php\/wp-json\/wp\/v2\/types\/post"}],"author":[{"embeddable":true,"href":"https:\/\/blogdoedvaldomagalhaes.com.br\/index.php\/wp-json\/wp\/v2\/users\/1"}],"replies":[{"embeddable":true,"href":"https:\/\/blogdoedvaldomagalhaes.com.br\/index.php\/wp-json\/wp\/v2\/comments?post=884"}],"version-history":[{"count":1,"href":"https:\/\/blogdoedvaldomagalhaes.com.br\/index.php\/wp-json\/wp\/v2\/posts\/884\/revisions"}],"predecessor-version":[{"id":35305,"href":"https:\/\/blogdoedvaldomagalhaes.com.br\/index.php\/wp-json\/wp\/v2\/posts\/884\/revisions\/35305"}],"wp:attachment":[{"href":"https:\/\/blogdoedvaldomagalhaes.com.br\/index.php\/wp-json\/wp\/v2\/media?parent=884"}],"wp:term":[{"taxonomy":"category","embeddable":true,"href":"https:\/\/blogdoedvaldomagalhaes.com.br\/index.php\/wp-json\/wp\/v2\/categories?post=884"},{"taxonomy":"post_tag","embeddable":true,"href":"https:\/\/blogdoedvaldomagalhaes.com.br\/index.php\/wp-json\/wp\/v2\/tags?post=884"}],"curies":[{"name":"wp","href":"https:\/\/api.w.org\/{rel}","templated":true}]}}