{"id":883,"date":"2018-10-27T14:44:00","date_gmt":"2018-10-27T16:44:00","guid":{"rendered":"http:\/\/blogdoedvaldomagalhaes.com.br\/index.php\/2018\/10\/27\/tjpe-e-prefeitura-de-caruaru-assina\/"},"modified":"2019-02-09T02:37:08","modified_gmt":"2019-02-09T04:37:08","slug":"tjpe-e-prefeitura-de-caruaru-assina","status":"publish","type":"post","link":"https:\/\/blogdoedvaldomagalhaes.com.br\/index.php\/2018\/10\/27\/tjpe-e-prefeitura-de-caruaru-assina\/","title":{"rendered":"TJPE e Prefeitura de Caruaru assinam protocolo de inten\u00e7\u00f5es"},"content":{"rendered":"<div class=\"separator\" style=\"clear: both; text-align: center;\">\n<a href=\"https:\/\/4.bp.blogspot.com\/-XwZh5Wa8gVc\/W9R48arEy-I\/AAAAAAAA8fI\/7snJ_pE4_r8_FubRVkQxZMO_5MihybB9wCLcBGAs\/s1600\/tj%2B1.jpg\" imageanchor=\"1\" style=\"margin-left: 1em; margin-right: 1em;\"><img loading=\"lazy\" decoding=\"async\" border=\"0\" data-original-height=\"1052\" data-original-width=\"1600\" height=\"420\" src=\"http:\/\/blogdoedvaldomagalhaes.com.br\/wp-content\/uploads\/2018\/10\/tj1.jpg\" width=\"640\" \/><\/a><\/div>\n<div class=\"separator\" style=\"clear: both; text-align: center;\">\nFotos: Arnaldo F\u00e9lix\/Divulga\u00e7\u00e3o<\/div>\n<div style=\"text-align: justify;\">\n<\/div>\n<div style=\"text-align: justify;\">\nRepresentantes do Tribunal de Justi\u00e7a de Pernambuco (TJPE) estiveram nesta sexta-feira (26) no gabinete da prefeita Raquel Lyra, em Caruaru, para uma reuni\u00e3o com a chefe do poder executivo municipal e a secret\u00e1ria de Desenvolvimento Social e Direitos Humanos, Perp\u00e9tua Dantas. Na oportunidade, foi assinado um protocolo institucional entre o TJPE e a Prefeitura de Caruaru, que prev\u00ea a cria\u00e7\u00e3o da Casa da Justi\u00e7a e Cidadania no munic\u00edpio.<\/div>\n<div style=\"text-align: justify;\">\n<\/div>\n<div class=\"separator\" style=\"clear: both; text-align: center;\">\n<a href=\"https:\/\/3.bp.blogspot.com\/-6Bs3lCbGmkY\/W9R5PTPYqyI\/AAAAAAAA8fQ\/SjQckbzeDSgmbkJGbs5gAT64c_zx8T7qACLcBGAs\/s1600\/tj%2B2.jpg\" imageanchor=\"1\" style=\"margin-left: 1em; margin-right: 1em;\"><img loading=\"lazy\" decoding=\"async\" border=\"0\" data-original-height=\"1054\" data-original-width=\"1600\" height=\"420\" src=\"http:\/\/blogdoedvaldomagalhaes.com.br\/wp-content\/uploads\/2018\/10\/tj2.jpg\" width=\"640\" \/><\/a><\/div>\n<div style=\"text-align: justify;\">\n<\/div>\n<div style=\"text-align: justify;\">\nO assessor especial substituto da Segunda Vice-Presid\u00eancia do TJPE, Breno Duarte, que tamb\u00e9m faz parte da Coordena\u00e7\u00e3o do N\u00facleo Permanente de Concilia\u00e7\u00e3o e Media\u00e7\u00e3o do tribunal, se mostrou otimista com o ato. \u201cA Casa da Justi\u00e7a e Cidadania visa pacificar a comunidade atrav\u00e9s de servi\u00e7os agregados e tamb\u00e9m na tentativa de solu\u00e7\u00e3o consensual dos conflitos, antes mesmo que eles venham a eclodir no Poder Judici\u00e1rio. Para o munic\u00edpio de Caruaru \u00e9 algo que agrega do ponto de vista social, e \u00e9 um trabalho vitorioso\u201d, ressaltou.<\/div>\n<div style=\"text-align: justify;\">\n<\/div>\n<div class=\"separator\" style=\"clear: both; text-align: center;\">\n<a href=\"https:\/\/2.bp.blogspot.com\/-IpoY1XQ2FOo\/W9R5sW6ZqpI\/AAAAAAAA8fY\/jaEBQ7XrYEosXxmhv_Zr75IZJqYqAOxTACLcBGAs\/s1600\/tj%2B3.jpg\" imageanchor=\"1\" style=\"margin-left: 1em; margin-right: 1em;\"><img loading=\"lazy\" decoding=\"async\" border=\"0\" data-original-height=\"1054\" data-original-width=\"1600\" height=\"420\" src=\"http:\/\/blogdoedvaldomagalhaes.com.br\/wp-content\/uploads\/2018\/10\/tj3.jpg\" width=\"640\" \/><\/a><\/div>\n<div style=\"text-align: justify;\">\n<\/div>\n<div style=\"text-align: justify;\">\nA Casa da Justi\u00e7a e Cidadania \u00e9 uma unidade multifuncional que visa promover o desenvolvimento de a\u00e7\u00f5es voltadas \u00e0 efetiva participa\u00e7\u00e3o do cidad\u00e3o e da comunidade na solu\u00e7\u00e3o de seus problemas, al\u00e9m de aproximar o Poder Judici\u00e1rio da sociedade. Tr\u00eas unidades funcionam na Regi\u00e3o Metropolitana do Recife (RMR): uma na comunidade do Coque, na Ilha Joana Bezerra, atuando desde fevereiro de 2012; outra em Olinda, inaugurada em junho de 2015; e a do Bongi. J\u00e1 tem tamb\u00e9m unidades da \u201cCasa\u201d em Vit\u00f3ria de Santo Ant\u00e3o, Santa Cruz do Capibaribe e Toritama.<\/div>\n<div style=\"text-align: justify;\">\n<\/div>\n","protected":false},"excerpt":{"rendered":"<p>Fotos: Arnaldo F\u00e9lix\/Divulga\u00e7\u00e3o Representantes do Tribunal de Justi\u00e7a de Pernambuco (TJPE) estiveram nesta sexta-feira (26) no gabinete da prefeita Raquel&hellip;<\/p>\n","protected":false},"author":1,"featured_media":0,"comment_status":"open","ping_status":"open","sticky":false,"template":"","format":"standard","meta":{"footnotes":""},"categories":[1],"tags":[2,20,830],"class_list":["post-883","post","type-post","status-publish","format-standard","hentry","category-sem-categoria","tag-blog-do-edvaldo-magalhaes","tag-politica","tag-tjpe-e-prefeitura-de-caruaru-assinam-protocolo-de-intencoes"],"_links":{"self":[{"href":"https:\/\/blogdoedvaldomagalhaes.com.br\/index.php\/wp-json\/wp\/v2\/posts\/883","targetHints":{"allow":["GET"]}}],"collection":[{"href":"https:\/\/blogdoedvaldomagalhaes.com.br\/index.php\/wp-json\/wp\/v2\/posts"}],"about":[{"href":"https:\/\/blogdoedvaldomagalhaes.com.br\/index.php\/wp-json\/wp\/v2\/types\/post"}],"author":[{"embeddable":true,"href":"https:\/\/blogdoedvaldomagalhaes.com.br\/index.php\/wp-json\/wp\/v2\/users\/1"}],"replies":[{"embeddable":true,"href":"https:\/\/blogdoedvaldomagalhaes.com.br\/index.php\/wp-json\/wp\/v2\/comments?post=883"}],"version-history":[{"count":1,"href":"https:\/\/blogdoedvaldomagalhaes.com.br\/index.php\/wp-json\/wp\/v2\/posts\/883\/revisions"}],"predecessor-version":[{"id":35309,"href":"https:\/\/blogdoedvaldomagalhaes.com.br\/index.php\/wp-json\/wp\/v2\/posts\/883\/revisions\/35309"}],"wp:attachment":[{"href":"https:\/\/blogdoedvaldomagalhaes.com.br\/index.php\/wp-json\/wp\/v2\/media?parent=883"}],"wp:term":[{"taxonomy":"category","embeddable":true,"href":"https:\/\/blogdoedvaldomagalhaes.com.br\/index.php\/wp-json\/wp\/v2\/categories?post=883"},{"taxonomy":"post_tag","embeddable":true,"href":"https:\/\/blogdoedvaldomagalhaes.com.br\/index.php\/wp-json\/wp\/v2\/tags?post=883"}],"curies":[{"name":"wp","href":"https:\/\/api.w.org\/{rel}","templated":true}]}}