{"id":88233,"date":"2022-09-29T12:21:23","date_gmt":"2022-09-29T15:21:23","guid":{"rendered":"https:\/\/blogdoedvaldomagalhaes.com.br\/?p=88233"},"modified":"2022-09-29T20:01:40","modified_gmt":"2022-09-29T23:01:40","slug":"policial-mata-a-esposa-a-tiros-e-tira-a-propria-vida-em-surubim","status":"publish","type":"post","link":"https:\/\/blogdoedvaldomagalhaes.com.br\/index.php\/2022\/09\/29\/policial-mata-a-esposa-a-tiros-e-tira-a-propria-vida-em-surubim\/","title":{"rendered":"Policial mata a esposa a tiros e tira a pr\u00f3pria vida em Surubim"},"content":{"rendered":"<p style=\"text-align: justify;\">A Pol\u00edcia Militar informou que o policial Vicente Melo efetuou disparos de arma de fogo na esposa de nome Juliana Melo e depois tirou a pr\u00f3pria vida, na manh\u00e3 desta quinta-feira (29), na rua Leonor Batista, em Surubim, no Agreste de Pernambuco.<\/p>\n<div style=\"text-align: justify;\">De acordo com a PM,\u00a0 possivelmente o Soldado utilizou a arma da corpora\u00e7\u00e3o. Ele trabalhou normalmente e por volta das 08 horas da manh\u00e3, ao largar do servi\u00e7o chegou em casa e cometeu a trag\u00e9dia. N\u00e3o se sabe com exatid\u00e3o se o PM estava depressivo, nem como ele vinha se comportando.<\/div>\n<div style=\"text-align: justify;\">\u00a0<\/div>\n<div style=\"text-align: justify;\">O Corpo de Bombeiros chegou a ser acionado, por\u00e9m, encontrou o casal j\u00e1 sem sinais vitais. Os dois cad\u00e1veres foram encaminhados para o IML de Caruaru.<\/div>\n\n\n<figure class=\"wp-block-image size-full is-resized\"><img loading=\"lazy\" decoding=\"async\" src=\"https:\/\/blogdoedvaldomagalhaes.com.br\/wp-content\/uploads\/2022\/09\/FB_IMG_1664464597026.jpg\" alt=\"\" class=\"wp-image-88235\" width=\"354\" height=\"289\" srcset=\"https:\/\/blogdoedvaldomagalhaes.com.br\/wp-content\/uploads\/2022\/09\/FB_IMG_1664464597026.jpg 400w, https:\/\/blogdoedvaldomagalhaes.com.br\/wp-content\/uploads\/2022\/09\/FB_IMG_1664464597026-300x245.jpg 300w\" sizes=\"auto, (max-width: 354px) 100vw, 354px\" \/><\/figure>\n\n\n\n<figure class=\"wp-block-image size-large\"><img loading=\"lazy\" decoding=\"async\" width=\"681\" height=\"1024\" src=\"https:\/\/blogdoedvaldomagalhaes.com.br\/wp-content\/uploads\/2022\/09\/IMG-20220929-WA0217-681x1024.jpg\" alt=\"\" class=\"wp-image-88248\" srcset=\"https:\/\/blogdoedvaldomagalhaes.com.br\/wp-content\/uploads\/2022\/09\/IMG-20220929-WA0217-681x1024.jpg 681w, https:\/\/blogdoedvaldomagalhaes.com.br\/wp-content\/uploads\/2022\/09\/IMG-20220929-WA0217-200x300.jpg 200w, https:\/\/blogdoedvaldomagalhaes.com.br\/wp-content\/uploads\/2022\/09\/IMG-20220929-WA0217-768x1155.jpg 768w, https:\/\/blogdoedvaldomagalhaes.com.br\/wp-content\/uploads\/2022\/09\/IMG-20220929-WA0217.jpg 802w\" sizes=\"auto, (max-width: 681px) 100vw, 681px\" \/><figcaption>Fotos: Reprodu\u00e7\u00e3o\/Redes Sociais <\/figcaption><\/figure>\n\n\n\n<figure class=\"wp-block-image size-large is-resized\"><img loading=\"lazy\" decoding=\"async\" src=\"https:\/\/blogdoedvaldomagalhaes.com.br\/wp-content\/uploads\/2022\/09\/IMG-20220929-WA0214-1008x1024.jpg\" alt=\"\" class=\"wp-image-88250\" width=\"339\" height=\"344\" srcset=\"https:\/\/blogdoedvaldomagalhaes.com.br\/wp-content\/uploads\/2022\/09\/IMG-20220929-WA0214-1008x1024.jpg 1008w, https:\/\/blogdoedvaldomagalhaes.com.br\/wp-content\/uploads\/2022\/09\/IMG-20220929-WA0214-295x300.jpg 295w, https:\/\/blogdoedvaldomagalhaes.com.br\/wp-content\/uploads\/2022\/09\/IMG-20220929-WA0214-768x780.jpg 768w, https:\/\/blogdoedvaldomagalhaes.com.br\/wp-content\/uploads\/2022\/09\/IMG-20220929-WA0214.jpg 1051w\" sizes=\"auto, (max-width: 339px) 100vw, 339px\" \/><figcaption>Fotos: Reprodu\u00e7\u00e3o\/Rede Social<\/figcaption><\/figure>\n","protected":false},"excerpt":{"rendered":"<p>A Pol\u00edcia Militar informou que o policial Vicente Melo efetuou disparos de arma de fogo na esposa de nome Juliana&hellip;<\/p>\n","protected":false},"author":1,"featured_media":88234,"comment_status":"closed","ping_status":"open","sticky":false,"template":"","format":"standard","meta":{"footnotes":""},"categories":[14121],"tags":[2,19532,3406,5448,25690],"class_list":["post-88233","post","type-post","status-publish","format-standard","has-post-thumbnail","hentry","category-policial","tag-blog-do-edvaldo-magalhaes","tag-blog-mais-acessado-e-visualizado-de-caruaru-e-regiao","tag-caruaru","tag-homicidio","tag-policial-mata-a-esposa-a-tiros-e-tira-a-propria-vida-em-surubim"],"_links":{"self":[{"href":"https:\/\/blogdoedvaldomagalhaes.com.br\/index.php\/wp-json\/wp\/v2\/posts\/88233","targetHints":{"allow":["GET"]}}],"collection":[{"href":"https:\/\/blogdoedvaldomagalhaes.com.br\/index.php\/wp-json\/wp\/v2\/posts"}],"about":[{"href":"https:\/\/blogdoedvaldomagalhaes.com.br\/index.php\/wp-json\/wp\/v2\/types\/post"}],"author":[{"embeddable":true,"href":"https:\/\/blogdoedvaldomagalhaes.com.br\/index.php\/wp-json\/wp\/v2\/users\/1"}],"replies":[{"embeddable":true,"href":"https:\/\/blogdoedvaldomagalhaes.com.br\/index.php\/wp-json\/wp\/v2\/comments?post=88233"}],"version-history":[{"count":4,"href":"https:\/\/blogdoedvaldomagalhaes.com.br\/index.php\/wp-json\/wp\/v2\/posts\/88233\/revisions"}],"predecessor-version":[{"id":88256,"href":"https:\/\/blogdoedvaldomagalhaes.com.br\/index.php\/wp-json\/wp\/v2\/posts\/88233\/revisions\/88256"}],"wp:featuredmedia":[{"embeddable":true,"href":"https:\/\/blogdoedvaldomagalhaes.com.br\/index.php\/wp-json\/wp\/v2\/media\/88234"}],"wp:attachment":[{"href":"https:\/\/blogdoedvaldomagalhaes.com.br\/index.php\/wp-json\/wp\/v2\/media?parent=88233"}],"wp:term":[{"taxonomy":"category","embeddable":true,"href":"https:\/\/blogdoedvaldomagalhaes.com.br\/index.php\/wp-json\/wp\/v2\/categories?post=88233"},{"taxonomy":"post_tag","embeddable":true,"href":"https:\/\/blogdoedvaldomagalhaes.com.br\/index.php\/wp-json\/wp\/v2\/tags?post=88233"}],"curies":[{"name":"wp","href":"https:\/\/api.w.org\/{rel}","templated":true}]}}