{"id":8821,"date":"2016-07-29T20:04:00","date_gmt":"2016-07-29T23:04:00","guid":{"rendered":"http:\/\/blogdoedvaldomagalhaes.com.br\/index.php\/2016\/07\/29\/raquel-lyra-recebe-apoio-do-senador\/"},"modified":"2019-02-09T00:52:54","modified_gmt":"2019-02-09T02:52:54","slug":"raquel-lyra-recebe-apoio-do-senador","status":"publish","type":"post","link":"https:\/\/blogdoedvaldomagalhaes.com.br\/index.php\/2016\/07\/29\/raquel-lyra-recebe-apoio-do-senador\/","title":{"rendered":"Raquel Lyra recebe apoio do senador Armando Monteiro"},"content":{"rendered":"<div class=\"separator\" style=\"clear: both; text-align: center;\">\n<a href=\"https:\/\/1.bp.blogspot.com\/-h9TB15FNZis\/V5u0KejQH-I\/AAAAAAAADVg\/_3mTIgzN50URzOSANxxTplEQZbOwGq5MACLcB\/s1600\/raquel%2B1.jpg\" imageanchor=\"1\" style=\"margin-left: 1em; margin-right: 1em;\"><img loading=\"lazy\" decoding=\"async\" border=\"0\" height=\"300\" src=\"http:\/\/blogdoedvaldomagalhaes.com.br\/wp-content\/uploads\/2016\/07\/raquel1.jpg\" width=\"400\" \/><\/a><\/div>\n<div class=\"separator\" style=\"clear: both; text-align: center;\">\n<\/div>\n<div class=\"separator\" style=\"margin-bottom: .0001pt; margin: 0cm; text-align: justify;\">\nO senador Armando Monteiro Neto confirmou nesta sexta-feira<br \/>\n(29) o apoio do PTB \u00e0 pr\u00e9-candidatura de Raquel Lyra (PSDB) para Prefeitura de<br \/>\nCaruaru. Al\u00e9m do PTB, se juntam ao palanque de Raquel o PTN, PTdoB e PRB,<br \/>\nrepresentados no ato de an\u00fancio pelos seus presidentes estaduais Ricardo<br \/>\nTeobaldo, S\u00edlvio Costa e S\u00edlvio Costa Filho, respectivamente. Todos estiveram<br \/>\nna reuni\u00e3o, juntamente com o presidente estadual do PTB, deputado Jos\u00e9 Humberto<br \/>\nCavalcanti.&nbsp;\u201cNosso grupo debateu internamente ao longo desse tempo e<br \/>\nchegamos \u00e0 conclus\u00e3o de que a melhor op\u00e7\u00e3o para Caruaru era a pr\u00e9-candidatura<br \/>\nde Raquel Lyra. Por conta do seu perfil, que alia as melhores tradi\u00e7\u00f5es<br \/>\npol\u00edticas com a capacidade de entender os desafios para o futuro, e pelas<br \/>\ncredenciais que ela revelou em sua trajet\u00f3ria pol\u00edtica\u201d, destacou o<br \/>\nsenador.&nbsp;<\/div>\n<div style=\"background: white; margin: 0cm 0cm 0.0001pt; text-align: justify;\">\n<\/div>\n<div style=\"background: white; margin: 0cm 0cm 0.0001pt; text-align: justify;\">\nRaquel<br \/>\nLyra agradeceu o gesto dos partidos e prometeu empenho. \u201cEm um momento t\u00e3o<br \/>\nimportante da pol\u00edtica nacional, quero agradecer esse gesto de confian\u00e7a e de<br \/>\nsolidariedade, por podermos montar um palanque dessa envergadura, com<br \/>\nlideran\u00e7as pol\u00edticas com a hist\u00f3ria que t\u00eam o senador Armando Monteiro e o<br \/>\nex-governador Jo\u00e3o Lyra Neto\u201d, disse.&nbsp;O ex-governador Jo\u00e3o Lyra Neto<br \/>\nressaltou a import\u00e2ncia dessa alian\u00e7a no atual momento da pol\u00edtica brasileira.<br \/>\n\u201cGostaria de registrar que o momento pol\u00edtico que estamos vivendo nos mostra a<br \/>\nnecessidade de que as pessoas que t\u00eam compromisso p\u00fablico estejam juntas, que \u00e9<br \/>\no nosso caso, \u00e9 da nossa tradi\u00e7\u00e3o. O senador Armando Monteiro, assim como os<br \/>\nrepresentantes dos outros partidos, tamb\u00e9m t\u00eam esse sentimento\u201d, disse.<\/p>\n<div class=\"separator\" style=\"clear: both; text-align: center;\">\n<a href=\"https:\/\/1.bp.blogspot.com\/-10EgQUoLP98\/V5wU89CFaMI\/AAAAAAAADXc\/Wg0wYhgdQss-gvVki5h8Tnx5n2kcyavWgCLcB\/s1600\/raquel.jpg\" imageanchor=\"1\" style=\"margin-left: 1em; margin-right: 1em;\"><img loading=\"lazy\" decoding=\"async\" border=\"0\" height=\"300\" src=\"http:\/\/blogdoedvaldomagalhaes.com.br\/wp-content\/uploads\/2016\/07\/raquel-4.jpg\" width=\"400\" \/><\/a><\/div>\n<p>\nEm reuni\u00e3o na tarde desta sexta-feira (29) a deputada estadual Raquel Lyra (PSDB) recebeu o apoio do PRB. Ela esteve com o presidente estadual, deputado Bispo Ossesio Silva, e com o vereador e presidente municipal, Carlos Silva, confirmando que o partido apoia sua pr\u00e9-candidatura para a Prefeitura de Caruaru. A conven\u00e7\u00e3o ser\u00e1 na pr\u00f3xima sexta, dia 05 de Agosto, a partir das 15h, no Teatro Difusora, na Avenida Agamenon Magalh\u00e3es.<\/div>\n","protected":false},"excerpt":{"rendered":"<p>O senador Armando Monteiro Neto confirmou nesta sexta-feira (29) o apoio do PTB \u00e0 pr\u00e9-candidatura de Raquel Lyra (PSDB) para&hellip;<\/p>\n","protected":false},"author":1,"featured_media":0,"comment_status":"open","ping_status":"open","sticky":false,"template":"","format":"standard","meta":{"footnotes":""},"categories":[1],"tags":[2,20,12668,1951,13221,13222,13223,13224,6162,8766],"class_list":["post-8821","post","type-post","status-publish","format-standard","hentry","category-sem-categoria","tag-blog-do-edvaldo-magalhaes","tag-politica","tag-prb","tag-psdb","tag-ptdob","tag-ptn","tag-raquel-lyra-recebe-apoio-do-senador-armando-monteiro","tag-ricardo-teobaldo","tag-silvio-costa-filho","tag-teatro-difusora"],"_links":{"self":[{"href":"https:\/\/blogdoedvaldomagalhaes.com.br\/index.php\/wp-json\/wp\/v2\/posts\/8821","targetHints":{"allow":["GET"]}}],"collection":[{"href":"https:\/\/blogdoedvaldomagalhaes.com.br\/index.php\/wp-json\/wp\/v2\/posts"}],"about":[{"href":"https:\/\/blogdoedvaldomagalhaes.com.br\/index.php\/wp-json\/wp\/v2\/types\/post"}],"author":[{"embeddable":true,"href":"https:\/\/blogdoedvaldomagalhaes.com.br\/index.php\/wp-json\/wp\/v2\/users\/1"}],"replies":[{"embeddable":true,"href":"https:\/\/blogdoedvaldomagalhaes.com.br\/index.php\/wp-json\/wp\/v2\/comments?post=8821"}],"version-history":[{"count":1,"href":"https:\/\/blogdoedvaldomagalhaes.com.br\/index.php\/wp-json\/wp\/v2\/posts\/8821\/revisions"}],"predecessor-version":[{"id":10818,"href":"https:\/\/blogdoedvaldomagalhaes.com.br\/index.php\/wp-json\/wp\/v2\/posts\/8821\/revisions\/10818"}],"wp:attachment":[{"href":"https:\/\/blogdoedvaldomagalhaes.com.br\/index.php\/wp-json\/wp\/v2\/media?parent=8821"}],"wp:term":[{"taxonomy":"category","embeddable":true,"href":"https:\/\/blogdoedvaldomagalhaes.com.br\/index.php\/wp-json\/wp\/v2\/categories?post=8821"},{"taxonomy":"post_tag","embeddable":true,"href":"https:\/\/blogdoedvaldomagalhaes.com.br\/index.php\/wp-json\/wp\/v2\/tags?post=8821"}],"curies":[{"name":"wp","href":"https:\/\/api.w.org\/{rel}","templated":true}]}}