{"id":882,"date":"2018-10-27T16:29:00","date_gmt":"2018-10-27T18:29:00","guid":{"rendered":"http:\/\/blogdoedvaldomagalhaes.com.br\/index.php\/2018\/10\/27\/preso-pela-pmpe-jaime-amorim-da-direcao\/"},"modified":"2019-02-09T02:37:09","modified_gmt":"2019-02-09T04:37:09","slug":"preso-pela-pmpe-jaime-amorim-da-direcao","status":"publish","type":"post","link":"https:\/\/blogdoedvaldomagalhaes.com.br\/index.php\/2018\/10\/27\/preso-pela-pmpe-jaime-amorim-da-direcao\/","title":{"rendered":"Preso pela PMPE Jaime Amorim da dire\u00e7\u00e3o nacional do MST"},"content":{"rendered":"<div class=\"separator\" style=\"clear: both; text-align: center;\">\n<\/div>\n<p><\/p>\n<div style=\"text-align: justify;\">\n<div class=\"separator\" style=\"clear: both; text-align: center;\">\n<a href=\"https:\/\/4.bp.blogspot.com\/-rcFQXzVHP6M\/W9SW77HkKLI\/AAAAAAAA8f0\/URanFwZ0RtcYMa-kzkxVIXAdFZ2SjcZ4gCLcBGAs\/s1600\/IMG-20181027-WA0069.jpg\" imageanchor=\"1\" style=\"margin-left: 1em; margin-right: 1em;\"><img loading=\"lazy\" decoding=\"async\" border=\"0\" data-original-height=\"711\" data-original-width=\"1280\" height=\"352\" src=\"http:\/\/blogdoedvaldomagalhaes.com.br\/wp-content\/uploads\/2018\/10\/IMG-20181027-WA0069.jpg\" width=\"640\" \/><\/a><\/div>\n<p><b><br \/><\/b><br \/>\n<br \/>\n<b>Informa\u00e7\u00f5es da SDS<\/b><\/p>\n<p><\/p>\n<div dir=\"ltr\" style=\"text-align: justify;\">\nA Secretaria de Defesa Social esclarece fato ocorrido na manh\u00e3 de hoje (27\/10), no centro da cidade de Caruaru. Na ocasi\u00e3o policiais militares conduziram algumas pessoas a Delegacia de Pol\u00edcia Civil por suposto envolvimento em discuss\u00e3o pol\u00edtica entre eleitores de candidatos \u00e0 Presid\u00eancia da Rep\u00fablica.<\/div>\n<div dir=\"auto\" style=\"text-align: start;\">\n<div dir=\"auto\" style=\"text-align: justify;\">\n<\/div>\n<div dir=\"auto\" style=\"text-align: justify;\">\nDe acordo com informa\u00e7\u00f5es prestadas na Delegacia de Pol\u00edcia, no final da manh\u00e3 deste s\u00e1bado, integrantes do MST, estavam abordando ve\u00edculos para serem adesivados com a propaganda do candidato do Partido dos Trabalhadores (PT) \u00e0 Presid\u00eancia da Rep\u00fablica. Em determinado momento, eles teriam for\u00e7ado a adesiva\u00e7\u00e3o num ve\u00edculo particular onde os ocupantes n\u00e3o autorizaram o referido ato.<\/div>\n<div dir=\"auto\" style=\"text-align: justify;\">\n<\/div>\n<div dir=\"auto\" style=\"text-align: justify;\">\nEm virtude da negativa, gerou-se uma confus\u00e3o e uma pessoa teria sido agredida, momento em que uma guarni\u00e7\u00e3o da PMPE constatou o tumulto, conduzindo todos os envolvidos para a Delegacia local.&nbsp;<\/div>\n<div dir=\"auto\" style=\"text-align: justify;\">\n<\/div>\n<div dir=\"auto\" style=\"text-align: justify;\">\nConduzidos ao plant\u00e3o policial, nenhuma das partes manifestou desejo de representar criminalmente, sendo os \u00e2nimos apaziguados e o caso encerrado.<\/div>\n<div dir=\"auto\" style=\"text-align: justify;\">\n<\/div>\n<div dir=\"auto\" style=\"text-align: justify;\">\nRessaltamos, que n\u00e3o houve apreens\u00e3o de nenhum material pol\u00edtico (adesivos, bandeiras&#8230;) e que a condu\u00e7\u00e3o ocorreu por ter havido agress\u00f5es. Importante informar que o l\u00edder do movimento, Jaime Amorim, n\u00e3o foi preso sendo, apenas encaminhado \u00e0 Delegacia, junto com as pessoas envolvidas na ocorr\u00eancia.<\/p>\n<div class=\"separator\" style=\"clear: both; text-align: center;\">\n<a href=\"https:\/\/4.bp.blogspot.com\/-xho1ySTrBqA\/W9TM-04CoKI\/AAAAAAAA8gw\/55ZNvZsL8EgJodvLBpZk4IssQYNsqrj7ACLcBGAs\/s1600\/mst_briga.png\" imageanchor=\"1\" style=\"margin-left: 1em; margin-right: 1em;\"><img loading=\"lazy\" decoding=\"async\" border=\"0\" data-original-height=\"345\" data-original-width=\"625\" height=\"352\" src=\"http:\/\/blogdoedvaldomagalhaes.com.br\/wp-content\/uploads\/2018\/10\/mst_briga.png\" width=\"640\" \/><\/a><\/div>\n<p><\/div>\n<\/div>\n<p><b>Nota do 4\u00ba BPM<\/b><\/p>\n<p>Na tarde deste s\u00e1bado (27), por volta das 12h40, na frente do Grande Hotel, em Caruaru, policiais militares da Patrulha Rural do 4\u00b0BPM, foram solicitados por dois soldados do Ex\u00e9rcito Brasileiro, que se encontravam de folga e \u00e0 paisana, os quais informavam que tinham acabado de serem agredidos por duas pessoas de camisa vermelha no referido local.<\/p>\n<p>Os militares do EB informaram que pararam no sinal as duas motocicletas em que conduziam, quando resolveram entregar um adesivo do presidenci\u00e1vel Bolsonaro um para outro. Neste momento, aproximaram-se dos mesmos duas pessoas de camisas vermelhas, tendo um deles, agredido o mesmo, batendo em seu capacete.<\/p>\n<p>As partes foram apresentadas na delegacia de Caruaru sem maiores problemas, tendo na delegacia sido identificado um dos indiv\u00edduos como sendo Jaime Amorim, l\u00edder do MST em Pernambuco.<\/p>\n<p>Ocorr\u00eancia em andamento.<\/p>\n<p>*GEOVANI TC PM*<br \/>\nCmt do 4\u00b0BPM<\/p>\n<p><\/p>\n<div class=\"separator\" style=\"clear: both; text-align: center;\">\n<a href=\"https:\/\/3.bp.blogspot.com\/-e0uuHhoveTM\/W9SXHjov0BI\/AAAAAAAA8f4\/05_Vot1oma0Ry2dtnCh3hpyveUHaXjN0wCLcBGAs\/s1600\/ja.jpg\" imageanchor=\"1\" style=\"margin-left: 1em; margin-right: 1em;\"><img loading=\"lazy\" decoding=\"async\" border=\"0\" data-original-height=\"266\" data-original-width=\"400\" height=\"424\" src=\"http:\/\/blogdoedvaldomagalhaes.com.br\/wp-content\/uploads\/2018\/10\/ja.jpg\" width=\"640\" \/><\/a><\/div>\n<p>\n<b>Nota do MST<\/b><\/p>\n<p>\u201cJaime Amorim da dire\u00e7\u00e3o nacional do MST foi detido pela pol\u00edcia militar e levado para a delegacia da pol\u00edcia federal em panfletagem no centro de Caruaru. Na atividade houve amea\u00e7as e agress\u00f5es por parte de eleitores do outro candidato, se apresentando ap\u00f3s a amea\u00e7a como um policial que n\u00e3o estava em servi\u00e7o e que sacou uma arma direcionando-a para os militantes que estavam na atividade no centro da nossa cidade.<\/p>\n<p>Est\u00e3o querendo enquadrar como crime eleitoral para mant\u00ea-lo preso.<\/p>\n<p>Al\u00e9m disso, um jovem de 17 anos do MST teve sua m\u00e3o cortada por parte dos eleitores do Bolsonaro.<\/p>\n<p>Dire\u00e7\u00e3o Estadual do MST de Pernambuco\u201d.<\/p>\n<\/div>\n","protected":false},"excerpt":{"rendered":"<p>Informa\u00e7\u00f5es da SDS A Secretaria de Defesa Social esclarece fato ocorrido na manh\u00e3 de hoje (27\/10), no centro da cidade&hellip;<\/p>\n","protected":false},"author":1,"featured_media":0,"comment_status":"open","ping_status":"open","sticky":false,"template":"","format":"standard","meta":{"footnotes":""},"categories":[1],"tags":[2,13,829],"class_list":["post-882","post","type-post","status-publish","format-standard","hentry","category-sem-categoria","tag-blog-do-edvaldo-magalhaes","tag-policial","tag-preso-pela-pmpe-jaime-amorim-da-direcao-nacional-do-mst"],"_links":{"self":[{"href":"https:\/\/blogdoedvaldomagalhaes.com.br\/index.php\/wp-json\/wp\/v2\/posts\/882","targetHints":{"allow":["GET"]}}],"collection":[{"href":"https:\/\/blogdoedvaldomagalhaes.com.br\/index.php\/wp-json\/wp\/v2\/posts"}],"about":[{"href":"https:\/\/blogdoedvaldomagalhaes.com.br\/index.php\/wp-json\/wp\/v2\/types\/post"}],"author":[{"embeddable":true,"href":"https:\/\/blogdoedvaldomagalhaes.com.br\/index.php\/wp-json\/wp\/v2\/users\/1"}],"replies":[{"embeddable":true,"href":"https:\/\/blogdoedvaldomagalhaes.com.br\/index.php\/wp-json\/wp\/v2\/comments?post=882"}],"version-history":[{"count":1,"href":"https:\/\/blogdoedvaldomagalhaes.com.br\/index.php\/wp-json\/wp\/v2\/posts\/882\/revisions"}],"predecessor-version":[{"id":35313,"href":"https:\/\/blogdoedvaldomagalhaes.com.br\/index.php\/wp-json\/wp\/v2\/posts\/882\/revisions\/35313"}],"wp:attachment":[{"href":"https:\/\/blogdoedvaldomagalhaes.com.br\/index.php\/wp-json\/wp\/v2\/media?parent=882"}],"wp:term":[{"taxonomy":"category","embeddable":true,"href":"https:\/\/blogdoedvaldomagalhaes.com.br\/index.php\/wp-json\/wp\/v2\/categories?post=882"},{"taxonomy":"post_tag","embeddable":true,"href":"https:\/\/blogdoedvaldomagalhaes.com.br\/index.php\/wp-json\/wp\/v2\/tags?post=882"}],"curies":[{"name":"wp","href":"https:\/\/api.w.org\/{rel}","templated":true}]}}