{"id":881,"date":"2018-10-27T17:55:00","date_gmt":"2018-10-27T19:55:00","guid":{"rendered":"http:\/\/blogdoedvaldomagalhaes.com.br\/index.php\/2018\/10\/27\/suspeitos-de-receptacao-de-carga-de\/"},"modified":"2019-02-09T02:37:15","modified_gmt":"2019-02-09T04:37:15","slug":"suspeitos-de-receptacao-de-carga-de","status":"publish","type":"post","link":"https:\/\/blogdoedvaldomagalhaes.com.br\/index.php\/2018\/10\/27\/suspeitos-de-receptacao-de-carga-de\/","title":{"rendered":"Suspeitos de recepta\u00e7\u00e3o de carga de bebidas alco\u00f3licas s\u00e3o detidos em Caruaru"},"content":{"rendered":"<div class=\"separator\" style=\"clear: both; text-align: center;\">\n<a href=\"https:\/\/4.bp.blogspot.com\/-zR7nKj2m02I\/W9SmEGacNTI\/AAAAAAAA8gI\/2df-k9a-gX01bDxcG1ARO0s6N1EPsO6RQCLcBGAs\/s1600\/prf.jpeg\" imageanchor=\"1\" style=\"margin-left: 1em; margin-right: 1em;\"><img loading=\"lazy\" decoding=\"async\" border=\"0\" data-original-height=\"338\" data-original-width=\"600\" height=\"354\" src=\"http:\/\/blogdoedvaldomagalhaes.com.br\/wp-content\/uploads\/2018\/10\/prf-2.jpeg\" width=\"640\" \/><\/a><\/div>\n<div class=\"separator\" style=\"clear: both; text-align: center;\">\nFotos: PRF\/Divulga\u00e7\u00e3o<\/div>\n<div class=\"separator\" style=\"clear: both; text-align: center;\">\n<\/div>\n<div class=\"separator\" style=\"clear: both; text-align: justify;\">\nDois homens, de 31 e 28 anos, suspeitos de receptar uma carga de bebidas roubada foram detidos na noite dessa sexta-feira (26), em Caruaru. A carga e o caminh\u00e3o foram recuperados em uma a\u00e7\u00e3o conjunta da Pol\u00edcia Rodovi\u00e1ria Federal (PRF) e do Batalh\u00e3o Integrado Especializado (Biesp) da Pol\u00edcia Militar.<\/div>\n<div class=\"separator\" style=\"clear: both; text-align: justify;\">\n<\/div>\n<div class=\"separator\" style=\"clear: both; text-align: center;\">\n<a href=\"https:\/\/2.bp.blogspot.com\/-NRyO-5kA4jM\/W9SoA8drXBI\/AAAAAAAA8gU\/Wulx5kVYBqkQ3JNVvIUlhcb2bDAkmP_AwCLcBGAs\/s1600\/1.jpg\" imageanchor=\"1\" style=\"margin-left: 1em; margin-right: 1em;\"><img loading=\"lazy\" decoding=\"async\" border=\"0\" data-original-height=\"412\" data-original-width=\"720\" height=\"366\" src=\"http:\/\/blogdoedvaldomagalhaes.com.br\/wp-content\/uploads\/2018\/10\/1-17.jpg\" width=\"640\" \/><\/a><\/div>\n<div class=\"separator\" style=\"clear: both; text-align: justify;\">\n<\/div>\n<div class=\"separator\" style=\"clear: both; text-align: justify;\">\nPoliciais realizavam uma a\u00e7\u00e3o de patrulhamento na rodovia, quando receberam informa\u00e7\u00f5es de que um caminh\u00e3o carregado com 700 caixas de aguardente havia sido roubado, pr\u00f3ximo a um posto de combust\u00edvel em Pombos, tamb\u00e9m no Agreste.<\/div>\n<div class=\"separator\" style=\"clear: both; text-align: justify;\">\n<\/div>\n<div class=\"separator\" style=\"clear: both; text-align: center;\">\n<a href=\"https:\/\/3.bp.blogspot.com\/-8y8EbVQzPyw\/W9SoE1S2aQI\/AAAAAAAA8gY\/tnQaex15r9oD-kkVZgVx_EfOLt4M6c1dwCLcBGAs\/s1600\/2.jpg\" imageanchor=\"1\" style=\"margin-left: 1em; margin-right: 1em;\"><img loading=\"lazy\" decoding=\"async\" border=\"0\" data-original-height=\"410\" data-original-width=\"720\" height=\"364\" src=\"http:\/\/blogdoedvaldomagalhaes.com.br\/wp-content\/uploads\/2018\/10\/2-14.jpg\" width=\"640\" \/><\/a><\/div>\n<div class=\"separator\" style=\"clear: both; text-align: justify;\">\n<\/div>\n<div class=\"separator\" style=\"clear: both; text-align: justify;\">\nAo se aproximarem da Central de Abastecimento de Caruaru (CEACA), foi avistado um caminh\u00e3o sendo descarregado em um terreno baldio por alguns homens, que correram ao avistar a viatura. Dentro da cabine do ve\u00edculo estava a v\u00edtima do assalto.<\/div>\n<div class=\"separator\" style=\"clear: both; text-align: justify;\">\n<\/div>\n<div class=\"separator\" style=\"clear: both; text-align: center;\">\n<a href=\"https:\/\/3.bp.blogspot.com\/-95cN_-la54c\/W9SoJIjYGyI\/AAAAAAAA8gc\/N4Hj23_2aKopgtRn6xL-AwAGmkCeIOfAgCLcBGAs\/s1600\/3.jpg\" imageanchor=\"1\" style=\"margin-left: 1em; margin-right: 1em;\"><img loading=\"lazy\" decoding=\"async\" border=\"0\" data-original-height=\"406\" data-original-width=\"720\" height=\"360\" src=\"http:\/\/blogdoedvaldomagalhaes.com.br\/wp-content\/uploads\/2018\/10\/3-10.jpg\" width=\"640\" \/><\/a><\/div>\n<div class=\"separator\" style=\"clear: both; text-align: justify;\">\n<\/div>\n<div class=\"separator\" style=\"clear: both; text-align: justify;\">\nA equipe solicitou o apoio do Biesp para realizar buscas na cidade, at\u00e9 localizar uma resid\u00eancia onde havia uma picape carregada com caixas da bebida roubada. O dono da resid\u00eancia foi detido e admitiu que havia adquirido a mercadoria com o assaltante. Ele disse ainda que havia pego um carro emprestado para acompanhar a retirada das caixas e alugado dois caminh\u00f5es de pequeno porte para colocar a mercadoria.<\/div>\n<div class=\"separator\" style=\"clear: both; text-align: justify;\">\n<\/div>\n<div class=\"separator\" style=\"clear: both; text-align: justify;\">\nO primeiro caminh\u00e3o foi encontrado carregado ao lado da CEACA e o segundo foi achado pelo Biesp com 480 caixas da bebida, no bairro do Salgado, em Caruaru.<\/div>\n<div class=\"separator\" style=\"clear: both; text-align: justify;\">\n<\/div>\n<div class=\"separator\" style=\"clear: both; text-align: justify;\">\nO propriet\u00e1rio do carro emprestado foi encontrado e encaminhado junto com o outro suspeito \u00e0 Delegacia de Pol\u00edcia Civil de Caruaru.<\/div>\n<div class=\"separator\" style=\"clear: both; text-align: justify;\">\n<\/div>\n","protected":false},"excerpt":{"rendered":"<p>Fotos: PRF\/Divulga\u00e7\u00e3o Dois homens, de 31 e 28 anos, suspeitos de receptar uma carga de bebidas roubada foram detidos na&hellip;<\/p>\n","protected":false},"author":1,"featured_media":0,"comment_status":"open","ping_status":"open","sticky":false,"template":"","format":"standard","meta":{"footnotes":""},"categories":[1],"tags":[2,13,828],"class_list":["post-881","post","type-post","status-publish","format-standard","hentry","category-sem-categoria","tag-blog-do-edvaldo-magalhaes","tag-policial","tag-suspeitos-de-receptacao-de-carga-de-bebidas-alcoolicas-sao-detidos-em-caruaru"],"_links":{"self":[{"href":"https:\/\/blogdoedvaldomagalhaes.com.br\/index.php\/wp-json\/wp\/v2\/posts\/881","targetHints":{"allow":["GET"]}}],"collection":[{"href":"https:\/\/blogdoedvaldomagalhaes.com.br\/index.php\/wp-json\/wp\/v2\/posts"}],"about":[{"href":"https:\/\/blogdoedvaldomagalhaes.com.br\/index.php\/wp-json\/wp\/v2\/types\/post"}],"author":[{"embeddable":true,"href":"https:\/\/blogdoedvaldomagalhaes.com.br\/index.php\/wp-json\/wp\/v2\/users\/1"}],"replies":[{"embeddable":true,"href":"https:\/\/blogdoedvaldomagalhaes.com.br\/index.php\/wp-json\/wp\/v2\/comments?post=881"}],"version-history":[{"count":1,"href":"https:\/\/blogdoedvaldomagalhaes.com.br\/index.php\/wp-json\/wp\/v2\/posts\/881\/revisions"}],"predecessor-version":[{"id":35318,"href":"https:\/\/blogdoedvaldomagalhaes.com.br\/index.php\/wp-json\/wp\/v2\/posts\/881\/revisions\/35318"}],"wp:attachment":[{"href":"https:\/\/blogdoedvaldomagalhaes.com.br\/index.php\/wp-json\/wp\/v2\/media?parent=881"}],"wp:term":[{"taxonomy":"category","embeddable":true,"href":"https:\/\/blogdoedvaldomagalhaes.com.br\/index.php\/wp-json\/wp\/v2\/categories?post=881"},{"taxonomy":"post_tag","embeddable":true,"href":"https:\/\/blogdoedvaldomagalhaes.com.br\/index.php\/wp-json\/wp\/v2\/tags?post=881"}],"curies":[{"name":"wp","href":"https:\/\/api.w.org\/{rel}","templated":true}]}}