{"id":88067,"date":"2022-09-26T08:25:36","date_gmt":"2022-09-26T11:25:36","guid":{"rendered":"https:\/\/blogdoedvaldomagalhaes.com.br\/?p=88067"},"modified":"2022-09-26T08:25:36","modified_gmt":"2022-09-26T11:25:36","slug":"anderson-correia-faz-visitas-em-catende-e-caruaru-e-reafirma-compromisso-por-hospital-publico-veterinario-no-agreste","status":"publish","type":"post","link":"https:\/\/blogdoedvaldomagalhaes.com.br\/index.php\/2022\/09\/26\/anderson-correia-faz-visitas-em-catende-e-caruaru-e-reafirma-compromisso-por-hospital-publico-veterinario-no-agreste\/","title":{"rendered":"Anderson Correia faz visitas em Catende e Caruaru, e reafirma compromisso por hospital p\u00fablico veterin\u00e1rio no Agreste"},"content":{"rendered":"<p style=\"text-align: justify;\"><span style=\"color: initial; font-size: revert;\">O candidato a deputado federal, Anderson Correia (PP), iniciou a agenda desse domingo (25) com visitas no munic\u00edpio de Catende, na Mata Sul de Pernambuco. Acompanhado de apoiadores da cidade, ele recebeu diversos apoios de protetores de animais, ONGs e l\u00edderes locais. O Defensor dos Animais tem forte liga\u00e7\u00e3o com a Terra da Mulher da Sombrinha, por j\u00e1 ter prestado servi\u00e7os volunt\u00e1rios como advogado animalista (Pro Bono), al\u00e9m de ajudar e orientar pessoas ligadas \u00e0 causa animal na regi\u00e3o.<\/span><\/p>\n<p style=\"text-align: justify;\">Para o tamb\u00e9m vereador caruaruense o munic\u00edpio precisa de avan\u00e7os em pol\u00edticas p\u00fablicas animalistas, e reafirmou seu compromisso com a causa na regi\u00e3o. \u201cCatende \u00e9 uma cidade importante da Mata Sul do Estado e precisa evoluir no \u00e2mbito dos Direitos dos Animais. Por isso, firmo compromisso de trazer melhorias para a cidade, com recursos do nosso mandato em Bras\u00edlia. Temos muito a fazer, mas sabemos que com o apoio de todos, continuaremos a lutar por dias melhores neste munic\u00edpio que tanto amo\u201d, ressaltou Anderson.<\/p>\n<p style=\"text-align: justify;\">Ap\u00f3s visitas no munic\u00edpio de Catende, o Defensor dos Animais esteve realizando reuni\u00f5es em Caruaru, no Salgado e na Vila do Aeroporto. Em ambos os bairros ele foi recebido por protetores e populares, debatendo sobre diversos planos para seu mandato em Bras\u00edlia e reafirmando seu compromisso pela constru\u00e7\u00e3o de um hospital p\u00fablico veterin\u00e1rio em Caruaru, para todo o Agreste.<\/p>\n<p style=\"text-align: justify;\">\u201cTemos muitas metas para cumprirmos em Pernambuco quando iniciarmos nosso trabalho em Bras\u00edlia, mas temos um em especial, que \u00e9 a implanta\u00e7\u00e3o do t\u00e3o sonhado hospital p\u00fablico veterin\u00e1rio para nossa regi\u00e3o, que \u00e9 uma luta minha desde sempre, antes mesmo de militar por esta causa na pol\u00edtica. N\u00e3o medirei esfor\u00e7os para alcan\u00e7armos este objetivo, por isso conto com o apoio de todos os pernambucanos, como recebemos hoje em Catende e em Caruaru\u201d, destacou. <span style=\"font-size: revert; color: initial;\">Foto: Divulga\u00e7\u00e3o.<\/span><\/p>\n<p style=\"text-align: justify;\">Se inscreva no canal do Blog do Edvaldo Magalh\u00e3es no YouTube e siga no Instagram.<\/p>\n","protected":false},"excerpt":{"rendered":"<p>O candidato a deputado federal, Anderson Correia (PP), iniciou a agenda desse domingo (25) com visitas no munic\u00edpio de Catende,&hellip;<\/p>\n","protected":false},"author":1,"featured_media":88068,"comment_status":"open","ping_status":"open","sticky":false,"template":"","format":"standard","meta":{"footnotes":""},"categories":[14122],"tags":[25655,2,19532,3406,23065,20],"class_list":["post-88067","post","type-post","status-publish","format-standard","has-post-thumbnail","hentry","category-politica","tag-anderson-correia-faz-visitas-em-catende-e-caruaru-e-reafirma-compromisso-por-hospital-publico-veterinario-no-agreste","tag-blog-do-edvaldo-magalhaes","tag-blog-mais-acessado-e-visualizado-de-caruaru-e-regiao","tag-caruaru","tag-eleicao","tag-politica"],"_links":{"self":[{"href":"https:\/\/blogdoedvaldomagalhaes.com.br\/index.php\/wp-json\/wp\/v2\/posts\/88067","targetHints":{"allow":["GET"]}}],"collection":[{"href":"https:\/\/blogdoedvaldomagalhaes.com.br\/index.php\/wp-json\/wp\/v2\/posts"}],"about":[{"href":"https:\/\/blogdoedvaldomagalhaes.com.br\/index.php\/wp-json\/wp\/v2\/types\/post"}],"author":[{"embeddable":true,"href":"https:\/\/blogdoedvaldomagalhaes.com.br\/index.php\/wp-json\/wp\/v2\/users\/1"}],"replies":[{"embeddable":true,"href":"https:\/\/blogdoedvaldomagalhaes.com.br\/index.php\/wp-json\/wp\/v2\/comments?post=88067"}],"version-history":[{"count":1,"href":"https:\/\/blogdoedvaldomagalhaes.com.br\/index.php\/wp-json\/wp\/v2\/posts\/88067\/revisions"}],"predecessor-version":[{"id":88069,"href":"https:\/\/blogdoedvaldomagalhaes.com.br\/index.php\/wp-json\/wp\/v2\/posts\/88067\/revisions\/88069"}],"wp:featuredmedia":[{"embeddable":true,"href":"https:\/\/blogdoedvaldomagalhaes.com.br\/index.php\/wp-json\/wp\/v2\/media\/88068"}],"wp:attachment":[{"href":"https:\/\/blogdoedvaldomagalhaes.com.br\/index.php\/wp-json\/wp\/v2\/media?parent=88067"}],"wp:term":[{"taxonomy":"category","embeddable":true,"href":"https:\/\/blogdoedvaldomagalhaes.com.br\/index.php\/wp-json\/wp\/v2\/categories?post=88067"},{"taxonomy":"post_tag","embeddable":true,"href":"https:\/\/blogdoedvaldomagalhaes.com.br\/index.php\/wp-json\/wp\/v2\/tags?post=88067"}],"curies":[{"name":"wp","href":"https:\/\/api.w.org\/{rel}","templated":true}]}}