{"id":88052,"date":"2022-09-25T18:31:00","date_gmt":"2022-09-25T21:31:00","guid":{"rendered":"https:\/\/blogdoedvaldomagalhaes.com.br\/?p=88052"},"modified":"2022-09-25T20:42:32","modified_gmt":"2022-09-25T23:42:32","slug":"2-homicidio-no-domingo-em-caruaru-homem-e-morto-a-tiros","status":"publish","type":"post","link":"https:\/\/blogdoedvaldomagalhaes.com.br\/index.php\/2022\/09\/25\/2-homicidio-no-domingo-em-caruaru-homem-e-morto-a-tiros\/","title":{"rendered":"2\u00b0 homic\u00eddio no domingo em Caruaru: Homem \u00e9 morto a tiros"},"content":{"rendered":"<p style=\"text-align: justify;\">O segundo homic\u00eddio deste domingo (25), foi registrado pela pol\u00edcia na rua Aureliano G\u00f3is, no bairro Santa Rosa. <span style=\"font-size: revert; color: initial;\">A v\u00edtima foi Anderson Cleiton de Lima, conhecido por \u201cMacaxeira\u201d, que foi assassinado por disp<\/span><span style=\"color: initial; font-size: revert;\">aros de pistola .40<\/span><\/p>\n<p style=\"text-align: justify;\">Equipes da Pol\u00edcia Militar, Instituto de Criminalista (IC), Delegacia de Homic\u00eddio estiveram no local.<\/p>\n<p style=\"text-align: justify;\">Este foi o 13\u00b0 homic\u00eddio no m\u00eas de setembro, e o 62\u00b0 homic\u00eddio no ano de 2022, em Caruaru.<\/p>\n\n\n<figure class=\"wp-block-image size-large is-resized\"><img loading=\"lazy\" decoding=\"async\" src=\"https:\/\/blogdoedvaldomagalhaes.com.br\/wp-content\/uploads\/2022\/09\/IMG-20220925-WA0307-576x1024.jpg\" alt=\"\" class=\"wp-image-88065\" width=\"339\" height=\"603\" srcset=\"https:\/\/blogdoedvaldomagalhaes.com.br\/wp-content\/uploads\/2022\/09\/IMG-20220925-WA0307-576x1024.jpg 576w, https:\/\/blogdoedvaldomagalhaes.com.br\/wp-content\/uploads\/2022\/09\/IMG-20220925-WA0307-169x300.jpg 169w, https:\/\/blogdoedvaldomagalhaes.com.br\/wp-content\/uploads\/2022\/09\/IMG-20220925-WA0307.jpg 720w\" sizes=\"auto, (max-width: 339px) 100vw, 339px\" \/><figcaption>Foto da v\u00edtima: Anderson Cleiton de Lima<\/figcaption><\/figure>\n","protected":false},"excerpt":{"rendered":"<p>O segundo homic\u00eddio deste domingo (25), foi registrado pela pol\u00edcia na rua Aureliano G\u00f3is, no bairro Santa Rosa. A v\u00edtima&hellip;<\/p>\n","protected":false},"author":1,"featured_media":58731,"comment_status":"open","ping_status":"open","sticky":false,"template":"","format":"standard","meta":{"footnotes":""},"categories":[14121],"tags":[25654,2,19532,3406],"class_list":["post-88052","post","type-post","status-publish","format-standard","has-post-thumbnail","hentry","category-policial","tag-2-homicidio-no-domingo-em-caruaru-homem-e-morto-a-tiros","tag-blog-do-edvaldo-magalhaes","tag-blog-mais-acessado-e-visualizado-de-caruaru-e-regiao","tag-caruaru"],"_links":{"self":[{"href":"https:\/\/blogdoedvaldomagalhaes.com.br\/index.php\/wp-json\/wp\/v2\/posts\/88052","targetHints":{"allow":["GET"]}}],"collection":[{"href":"https:\/\/blogdoedvaldomagalhaes.com.br\/index.php\/wp-json\/wp\/v2\/posts"}],"about":[{"href":"https:\/\/blogdoedvaldomagalhaes.com.br\/index.php\/wp-json\/wp\/v2\/types\/post"}],"author":[{"embeddable":true,"href":"https:\/\/blogdoedvaldomagalhaes.com.br\/index.php\/wp-json\/wp\/v2\/users\/1"}],"replies":[{"embeddable":true,"href":"https:\/\/blogdoedvaldomagalhaes.com.br\/index.php\/wp-json\/wp\/v2\/comments?post=88052"}],"version-history":[{"count":6,"href":"https:\/\/blogdoedvaldomagalhaes.com.br\/index.php\/wp-json\/wp\/v2\/posts\/88052\/revisions"}],"predecessor-version":[{"id":88066,"href":"https:\/\/blogdoedvaldomagalhaes.com.br\/index.php\/wp-json\/wp\/v2\/posts\/88052\/revisions\/88066"}],"wp:featuredmedia":[{"embeddable":true,"href":"https:\/\/blogdoedvaldomagalhaes.com.br\/index.php\/wp-json\/wp\/v2\/media\/58731"}],"wp:attachment":[{"href":"https:\/\/blogdoedvaldomagalhaes.com.br\/index.php\/wp-json\/wp\/v2\/media?parent=88052"}],"wp:term":[{"taxonomy":"category","embeddable":true,"href":"https:\/\/blogdoedvaldomagalhaes.com.br\/index.php\/wp-json\/wp\/v2\/categories?post=88052"},{"taxonomy":"post_tag","embeddable":true,"href":"https:\/\/blogdoedvaldomagalhaes.com.br\/index.php\/wp-json\/wp\/v2\/tags?post=88052"}],"curies":[{"name":"wp","href":"https:\/\/api.w.org\/{rel}","templated":true}]}}