{"id":88046,"date":"2022-09-25T18:17:36","date_gmt":"2022-09-25T21:17:36","guid":{"rendered":"https:\/\/blogdoedvaldomagalhaes.com.br\/?p=88046"},"modified":"2022-09-25T19:05:26","modified_gmt":"2022-09-25T22:05:26","slug":"1-homicidio-do-domingo-em-caruaru-homem-e-morto-com-tiros-de-pistola","status":"publish","type":"post","link":"https:\/\/blogdoedvaldomagalhaes.com.br\/index.php\/2022\/09\/25\/1-homicidio-do-domingo-em-caruaru-homem-e-morto-com-tiros-de-pistola\/","title":{"rendered":"1\u00b0 homic\u00eddio do domingo em Caruaru: Homem \u00e9 morto com tiros de pistola"},"content":{"rendered":"<p style=\"text-align: justify;\">A pol\u00edcia registrou um homic\u00eddio na tarde deste domingo (25), na rua Alfazema, quadra 25, no Residencial Luiz Bezerra Torres, em Caruaru. A<span style=\"font-size: revert; color: initial;\"> v\u00edtima foi Otaciano Messias Dantas da Silva, de 42 anos de idade, que foi atingido por disparos de pistola. Segundo moradores, os tiros sa\u00edram de um ve\u00edculo de modelo ainda n\u00e3o identificado de cor vermelha.<\/span><\/p>\n<p style=\"text-align: justify;\">Equipes da Pol\u00edcia Militar, Instituto de Criminalista &#8211; IC e da Delegacia de Homic\u00eddios de Caruaru, estiveram no local. Ap\u00f3s o levantamento cadav\u00e9rico, o corpo foi encaminhado para o IML.<\/p>\n<p style=\"text-align: justify;\">Este foi o 12\u00b0 homic\u00eddio no m\u00eas de setembro, e o 61\u00b0 homic\u00eddio no ano de 2022, em Caruaru.<\/p>\n\n\n<figure class=\"wp-block-image size-full is-resized\"><img loading=\"lazy\" decoding=\"async\" src=\"https:\/\/blogdoedvaldomagalhaes.com.br\/wp-content\/uploads\/2022\/09\/IMG-20220925-WA0083.jpg\" alt=\"\" class=\"wp-image-88050\" width=\"353\" height=\"485\" srcset=\"https:\/\/blogdoedvaldomagalhaes.com.br\/wp-content\/uploads\/2022\/09\/IMG-20220925-WA0083.jpg 706w, https:\/\/blogdoedvaldomagalhaes.com.br\/wp-content\/uploads\/2022\/09\/IMG-20220925-WA0083-219x300.jpg 219w\" sizes=\"auto, (max-width: 353px) 100vw, 353px\" \/><figcaption>Foto da v\u00edtima: Otaciano Messias<\/figcaption><\/figure>\n","protected":false},"excerpt":{"rendered":"<p>A pol\u00edcia registrou um homic\u00eddio na tarde deste domingo (25), na rua Alfazema, quadra 25, no Residencial Luiz Bezerra Torres,&hellip;<\/p>\n","protected":false},"author":1,"featured_media":88047,"comment_status":"open","ping_status":"open","sticky":false,"template":"","format":"standard","meta":{"footnotes":""},"categories":[14121],"tags":[25653,2,19532,3406],"class_list":["post-88046","post","type-post","status-publish","format-standard","has-post-thumbnail","hentry","category-policial","tag-1-homicidio-do-domingo-em-caruaru-homem-e-morto-com-tiros-de-pistola","tag-blog-do-edvaldo-magalhaes","tag-blog-mais-acessado-e-visualizado-de-caruaru-e-regiao","tag-caruaru"],"_links":{"self":[{"href":"https:\/\/blogdoedvaldomagalhaes.com.br\/index.php\/wp-json\/wp\/v2\/posts\/88046","targetHints":{"allow":["GET"]}}],"collection":[{"href":"https:\/\/blogdoedvaldomagalhaes.com.br\/index.php\/wp-json\/wp\/v2\/posts"}],"about":[{"href":"https:\/\/blogdoedvaldomagalhaes.com.br\/index.php\/wp-json\/wp\/v2\/types\/post"}],"author":[{"embeddable":true,"href":"https:\/\/blogdoedvaldomagalhaes.com.br\/index.php\/wp-json\/wp\/v2\/users\/1"}],"replies":[{"embeddable":true,"href":"https:\/\/blogdoedvaldomagalhaes.com.br\/index.php\/wp-json\/wp\/v2\/comments?post=88046"}],"version-history":[{"count":4,"href":"https:\/\/blogdoedvaldomagalhaes.com.br\/index.php\/wp-json\/wp\/v2\/posts\/88046\/revisions"}],"predecessor-version":[{"id":88061,"href":"https:\/\/blogdoedvaldomagalhaes.com.br\/index.php\/wp-json\/wp\/v2\/posts\/88046\/revisions\/88061"}],"wp:featuredmedia":[{"embeddable":true,"href":"https:\/\/blogdoedvaldomagalhaes.com.br\/index.php\/wp-json\/wp\/v2\/media\/88047"}],"wp:attachment":[{"href":"https:\/\/blogdoedvaldomagalhaes.com.br\/index.php\/wp-json\/wp\/v2\/media?parent=88046"}],"wp:term":[{"taxonomy":"category","embeddable":true,"href":"https:\/\/blogdoedvaldomagalhaes.com.br\/index.php\/wp-json\/wp\/v2\/categories?post=88046"},{"taxonomy":"post_tag","embeddable":true,"href":"https:\/\/blogdoedvaldomagalhaes.com.br\/index.php\/wp-json\/wp\/v2\/tags?post=88046"}],"curies":[{"name":"wp","href":"https:\/\/api.w.org\/{rel}","templated":true}]}}