{"id":88043,"date":"2022-09-25T16:52:28","date_gmt":"2022-09-25T19:52:28","guid":{"rendered":"https:\/\/blogdoedvaldomagalhaes.com.br\/?p=88043"},"modified":"2022-09-25T16:52:30","modified_gmt":"2022-09-25T19:52:30","slug":"delegado-lessa-valoriza-agentes-de-transito-de-pernambuco","status":"publish","type":"post","link":"https:\/\/blogdoedvaldomagalhaes.com.br\/index.php\/2022\/09\/25\/delegado-lessa-valoriza-agentes-de-transito-de-pernambuco\/","title":{"rendered":"Delegado Lessa valoriza agentes de tr\u00e2nsito de Pernambuco"},"content":{"rendered":"<p style=\"text-align: justify;\"><span style=\"font-size: revert; color: initial;\">O deputado estadual Delegado Lessa ressaltou a valoriza\u00e7\u00e3o dos agentes de tr\u00e2nsito, profissionais que atuam em uma realidade complexa na promo\u00e7\u00e3o da paz no tr\u00e2nsito. Ao longo do seu mandato, Lessa lutou por mais qualidade de vida para esses trabalhadores, que celebram no dia 23 de setembro o Dia Nacional do Agente de Tr\u00e2nsito.<\/span><\/p>\n<p style=\"text-align: justify;\">\u00c9 de autoria de Lessa a Proposta de Emenda \u00e0 Constitui\u00e7\u00e3o (PEC) n\u00ba 54\/2020, que transformou os agentes de tr\u00e2nsito em agentes de seguran\u00e7a vi\u00e1ria em Pernambuco. O dispositivo modificou o artigo 105-B da Carta Magna do Estado possibilitando um tr\u00e2nsito mais seguro e humanizado.<\/p>\n<p style=\"text-align: justify;\">Entre outras a\u00e7\u00f5es, o deputado entregou votos de aplauso pela atua\u00e7\u00e3o dos profissionais na pandemia, bem como nas fortes chuvas que atingiram a Regi\u00e3o Metropolitana do Recife no primeiro semestre. Foto: Viliane Gomes.<\/p>\n<p style=\"text-align: justify;\">Se inscreva no canal do Blog do Edvaldo Magalh\u00e3es no YouTube e siga no Instagram.<\/p>\n","protected":false},"excerpt":{"rendered":"<p>O deputado estadual Delegado Lessa ressaltou a valoriza\u00e7\u00e3o dos agentes de tr\u00e2nsito, profissionais que atuam em uma realidade complexa na&hellip;<\/p>\n","protected":false},"author":1,"featured_media":88044,"comment_status":"open","ping_status":"open","sticky":false,"template":"","format":"standard","meta":{"footnotes":""},"categories":[14122],"tags":[2,19532,3406,25652,23065,20],"class_list":["post-88043","post","type-post","status-publish","format-standard","has-post-thumbnail","hentry","category-politica","tag-blog-do-edvaldo-magalhaes","tag-blog-mais-acessado-e-visualizado-de-caruaru-e-regiao","tag-caruaru","tag-delegado-lessa-valoriza-agentes-de-transito-de-pernambuco","tag-eleicao","tag-politica"],"_links":{"self":[{"href":"https:\/\/blogdoedvaldomagalhaes.com.br\/index.php\/wp-json\/wp\/v2\/posts\/88043","targetHints":{"allow":["GET"]}}],"collection":[{"href":"https:\/\/blogdoedvaldomagalhaes.com.br\/index.php\/wp-json\/wp\/v2\/posts"}],"about":[{"href":"https:\/\/blogdoedvaldomagalhaes.com.br\/index.php\/wp-json\/wp\/v2\/types\/post"}],"author":[{"embeddable":true,"href":"https:\/\/blogdoedvaldomagalhaes.com.br\/index.php\/wp-json\/wp\/v2\/users\/1"}],"replies":[{"embeddable":true,"href":"https:\/\/blogdoedvaldomagalhaes.com.br\/index.php\/wp-json\/wp\/v2\/comments?post=88043"}],"version-history":[{"count":1,"href":"https:\/\/blogdoedvaldomagalhaes.com.br\/index.php\/wp-json\/wp\/v2\/posts\/88043\/revisions"}],"predecessor-version":[{"id":88045,"href":"https:\/\/blogdoedvaldomagalhaes.com.br\/index.php\/wp-json\/wp\/v2\/posts\/88043\/revisions\/88045"}],"wp:featuredmedia":[{"embeddable":true,"href":"https:\/\/blogdoedvaldomagalhaes.com.br\/index.php\/wp-json\/wp\/v2\/media\/88044"}],"wp:attachment":[{"href":"https:\/\/blogdoedvaldomagalhaes.com.br\/index.php\/wp-json\/wp\/v2\/media?parent=88043"}],"wp:term":[{"taxonomy":"category","embeddable":true,"href":"https:\/\/blogdoedvaldomagalhaes.com.br\/index.php\/wp-json\/wp\/v2\/categories?post=88043"},{"taxonomy":"post_tag","embeddable":true,"href":"https:\/\/blogdoedvaldomagalhaes.com.br\/index.php\/wp-json\/wp\/v2\/tags?post=88043"}],"curies":[{"name":"wp","href":"https:\/\/api.w.org\/{rel}","templated":true}]}}