{"id":88039,"date":"2022-09-25T13:08:37","date_gmt":"2022-09-25T16:08:37","guid":{"rendered":"https:\/\/blogdoedvaldomagalhaes.com.br\/?p=88039"},"modified":"2022-09-25T13:08:39","modified_gmt":"2022-09-25T16:08:39","slug":"centro-de-caruaru-recebe-fagner-com-grande-animacao","status":"publish","type":"post","link":"https:\/\/blogdoedvaldomagalhaes.com.br\/index.php\/2022\/09\/25\/centro-de-caruaru-recebe-fagner-com-grande-animacao\/","title":{"rendered":"Centro de Caruaru recebe Fagner com grande anima\u00e7\u00e3o"},"content":{"rendered":"<p style=\"text-align: justify;\"><span style=\"font-size: revert; color: initial;\">Nesse s\u00e1bado (24), o verde e branco, cores da campanha do candidato a deputador federal Fagner Fernandes (PDT), ganharam as ruas do centro de Caruaru. Junto com uma equipe animada, ao som de muito forr\u00f3 e frevo, Fagner conversou com a popula\u00e7\u00e3o e entregou material. Por onde passava, as pessoas paravam para cumprimentar, tirar fotos e abra\u00e7ar o futuro deputado federal. \u201cComo \u00e9 bom ouvir cada palavra de carinho, um abra\u00e7o, ter o trabalho reconhecido. Ouvir \u201c\u00e9 o vereador dos animais\u201d ou \u201ctem o meu apoio\u201d, deixa o meu cora\u00e7\u00e3o cheio de alegria. E \u00e9 com a for\u00e7a do povo que vamos \u00e0 vit\u00f3ria\u201d.<\/span><span style=\"font-size: revert; color: initial;\">\u00a0<\/span><\/p>\n<p style=\"text-align: justify;\"><span style=\"font-size: revert; color: initial;\">Na noite do s\u00e1bado (24) Fagner se reuniu com um grupo de jovens para discutir pol\u00edticas p\u00fablicas para a juventude.<\/span><\/p>\n\n\n<figure class=\"wp-block-image size-large is-resized\"><img loading=\"lazy\" decoding=\"async\" src=\"https:\/\/blogdoedvaldomagalhaes.com.br\/wp-content\/uploads\/2022\/09\/IMG-20220925-WA0048-1024x682.jpg\" alt=\"\" class=\"wp-image-88041\" width=\"344\" height=\"229\" srcset=\"https:\/\/blogdoedvaldomagalhaes.com.br\/wp-content\/uploads\/2022\/09\/IMG-20220925-WA0048-1024x682.jpg 1024w, https:\/\/blogdoedvaldomagalhaes.com.br\/wp-content\/uploads\/2022\/09\/IMG-20220925-WA0048-300x200.jpg 300w, https:\/\/blogdoedvaldomagalhaes.com.br\/wp-content\/uploads\/2022\/09\/IMG-20220925-WA0048-768x512.jpg 768w, https:\/\/blogdoedvaldomagalhaes.com.br\/wp-content\/uploads\/2022\/09\/IMG-20220925-WA0048.jpg 1280w\" sizes=\"auto, (max-width: 344px) 100vw, 344px\" \/><figcaption>Fotos: Divulga\u00e7\u00e3o <\/figcaption><\/figure>\n","protected":false},"excerpt":{"rendered":"<p>Nesse s\u00e1bado (24), o verde e branco, cores da campanha do candidato a deputador federal Fagner Fernandes (PDT), ganharam as&hellip;<\/p>\n","protected":false},"author":1,"featured_media":88040,"comment_status":"open","ping_status":"open","sticky":false,"template":"","format":"standard","meta":{"footnotes":""},"categories":[14122],"tags":[2,19532,3406,25651,23065,20],"class_list":["post-88039","post","type-post","status-publish","format-standard","has-post-thumbnail","hentry","category-politica","tag-blog-do-edvaldo-magalhaes","tag-blog-mais-acessado-e-visualizado-de-caruaru-e-regiao","tag-caruaru","tag-centro-de-caruaru-recebe-fagner-com-grande-animacao","tag-eleicao","tag-politica"],"_links":{"self":[{"href":"https:\/\/blogdoedvaldomagalhaes.com.br\/index.php\/wp-json\/wp\/v2\/posts\/88039","targetHints":{"allow":["GET"]}}],"collection":[{"href":"https:\/\/blogdoedvaldomagalhaes.com.br\/index.php\/wp-json\/wp\/v2\/posts"}],"about":[{"href":"https:\/\/blogdoedvaldomagalhaes.com.br\/index.php\/wp-json\/wp\/v2\/types\/post"}],"author":[{"embeddable":true,"href":"https:\/\/blogdoedvaldomagalhaes.com.br\/index.php\/wp-json\/wp\/v2\/users\/1"}],"replies":[{"embeddable":true,"href":"https:\/\/blogdoedvaldomagalhaes.com.br\/index.php\/wp-json\/wp\/v2\/comments?post=88039"}],"version-history":[{"count":1,"href":"https:\/\/blogdoedvaldomagalhaes.com.br\/index.php\/wp-json\/wp\/v2\/posts\/88039\/revisions"}],"predecessor-version":[{"id":88042,"href":"https:\/\/blogdoedvaldomagalhaes.com.br\/index.php\/wp-json\/wp\/v2\/posts\/88039\/revisions\/88042"}],"wp:featuredmedia":[{"embeddable":true,"href":"https:\/\/blogdoedvaldomagalhaes.com.br\/index.php\/wp-json\/wp\/v2\/media\/88040"}],"wp:attachment":[{"href":"https:\/\/blogdoedvaldomagalhaes.com.br\/index.php\/wp-json\/wp\/v2\/media?parent=88039"}],"wp:term":[{"taxonomy":"category","embeddable":true,"href":"https:\/\/blogdoedvaldomagalhaes.com.br\/index.php\/wp-json\/wp\/v2\/categories?post=88039"},{"taxonomy":"post_tag","embeddable":true,"href":"https:\/\/blogdoedvaldomagalhaes.com.br\/index.php\/wp-json\/wp\/v2\/tags?post=88039"}],"curies":[{"name":"wp","href":"https:\/\/api.w.org\/{rel}","templated":true}]}}