{"id":88034,"date":"2022-09-25T13:00:05","date_gmt":"2022-09-25T16:00:05","guid":{"rendered":"https:\/\/blogdoedvaldomagalhaes.com.br\/?p=88034"},"modified":"2022-09-25T13:00:07","modified_gmt":"2022-09-25T16:00:07","slug":"em-visitas-no-recife-e-no-cabo-anderson-correia-leva-esperanca-por-progresso-na-causa-animal-de-pernambuco","status":"publish","type":"post","link":"https:\/\/blogdoedvaldomagalhaes.com.br\/index.php\/2022\/09\/25\/em-visitas-no-recife-e-no-cabo-anderson-correia-leva-esperanca-por-progresso-na-causa-animal-de-pernambuco\/","title":{"rendered":"Em visitas no Recife e no Cabo, Anderson Correia leva esperan\u00e7a por progresso na causa animal de Pernambuco"},"content":{"rendered":"<p style=\"text-align: justify;\"><span style=\"color: initial; font-size: revert;\">Esse s\u00e1bado (24) foi de muita anima\u00e7\u00e3o para o candidato a deputado federal, Anderson Correia (PP), que visitou a cidade do Recife, iniciando os trabalhos na orla de Boa Viagem. Acompanhado da milit\u00e2ncia \u201cJuventude Animal\u201d, o Defensor dos Animais esteve panfletando e conversando com as diversas pessoas que caminhavam na orla, mostrando seu trabalho que \u00e9 refer\u00eancia em todo o Estado, al\u00e9m de debater sobre pol\u00edticas p\u00fablicas animalistas com muita gente que acompanha e vivencia a causa animal.<\/span><\/p>\n<p style=\"text-align: justify;\">Em meio \u00e0 essa aproxima\u00e7\u00e3o com o povo recifense, o vereador de Caruaru tamb\u00e9m visitou e ouviu as popula\u00e7\u00f5es dos bairros Ibura de Baixo e do Prado, e viu o quanto, mesmo estando na capital, ainda \u00e9 necess\u00e1rio lutar pelo crescimento e progresso da causa animal em Pernambuco, algo que \u00e9 compromisso do advogado animalista, grande defensor dos direitos dos animais e refer\u00eancia no combate aos maus-tratos, com diversos resgates realizados em v\u00e1rias cidades do Estado, al\u00e9m de ser o pioneiro na luta pela constru\u00e7\u00e3o de um hospital p\u00fablico veterin\u00e1rio no Agreste.<\/p>\n<p style=\"text-align: justify;\">Por fim, Anderson finalizou a agenda visitando o Cabo de Santo Agostinho, na Regi\u00e3o Metropolitana do Recife, local onde o parlamentar j\u00e1 tem v\u00e1rios apoios das principais ONGs da causa animal do munic\u00edpio, sendo recebido com muita festa. Com os aliados do munic\u00edpio, Correia fez diversas visitas e outra atividade de panfletagem, levando esperan\u00e7a e compromisso para as pessoas e protetores da regi\u00e3o.<\/p>\n<p style=\"text-align: justify;\">\u201cA pauta animalista precisa ser vista com mais compromisso em Pernambuco, n\u00e3o s\u00f3 na capital, mas em todo o Estado. Por isso me coloco \u00e0 disposi\u00e7\u00e3o do povo pernambucano nesta luta, com propriedade de quem tem diversos projetos em prol dos nossos animais, al\u00e9m de combater os maus-tratos com a pris\u00e3o de v\u00e1rias pessoas que praticam atos de crueldade contra os nossos animais. Falar para o povo do Recife e do Cabo de Santo Agostinho sobre nossa luta \u00e9 levar esperan\u00e7a ao cora\u00e7\u00e3o de todos sobre o progresso desta causa t\u00e3o nobre, que me faz trabalhar incansavelmente todos os dias, pelos mais vulner\u00e1veis e por quem n\u00e3o tem vez e voz\u201d, destacou Anderson.<\/p>\n\n\n<figure class=\"wp-block-image size-large\"><img loading=\"lazy\" decoding=\"async\" width=\"1024\" height=\"768\" src=\"https:\/\/blogdoedvaldomagalhaes.com.br\/wp-content\/uploads\/2022\/09\/IMG-20220925-WA0042-1024x768.jpg\" alt=\"\" class=\"wp-image-88037\" srcset=\"https:\/\/blogdoedvaldomagalhaes.com.br\/wp-content\/uploads\/2022\/09\/IMG-20220925-WA0042-1024x768.jpg 1024w, https:\/\/blogdoedvaldomagalhaes.com.br\/wp-content\/uploads\/2022\/09\/IMG-20220925-WA0042-300x225.jpg 300w, https:\/\/blogdoedvaldomagalhaes.com.br\/wp-content\/uploads\/2022\/09\/IMG-20220925-WA0042-768x576.jpg 768w, https:\/\/blogdoedvaldomagalhaes.com.br\/wp-content\/uploads\/2022\/09\/IMG-20220925-WA0042-1536x1152.jpg 1536w, https:\/\/blogdoedvaldomagalhaes.com.br\/wp-content\/uploads\/2022\/09\/IMG-20220925-WA0042-160x120.jpg 160w, https:\/\/blogdoedvaldomagalhaes.com.br\/wp-content\/uploads\/2022\/09\/IMG-20220925-WA0042.jpg 1600w\" sizes=\"auto, (max-width: 1024px) 100vw, 1024px\" \/><\/figure>\n\n\n\n<figure class=\"wp-block-image size-large is-resized\"><img loading=\"lazy\" decoding=\"async\" src=\"https:\/\/blogdoedvaldomagalhaes.com.br\/wp-content\/uploads\/2022\/09\/IMG-20220925-WA0041-1024x796.jpg\" alt=\"\" class=\"wp-image-88036\" width=\"345\" height=\"268\" srcset=\"https:\/\/blogdoedvaldomagalhaes.com.br\/wp-content\/uploads\/2022\/09\/IMG-20220925-WA0041-1024x796.jpg 1024w, https:\/\/blogdoedvaldomagalhaes.com.br\/wp-content\/uploads\/2022\/09\/IMG-20220925-WA0041-300x233.jpg 300w, https:\/\/blogdoedvaldomagalhaes.com.br\/wp-content\/uploads\/2022\/09\/IMG-20220925-WA0041-768x597.jpg 768w, https:\/\/blogdoedvaldomagalhaes.com.br\/wp-content\/uploads\/2022\/09\/IMG-20220925-WA0041-1536x1194.jpg 1536w, https:\/\/blogdoedvaldomagalhaes.com.br\/wp-content\/uploads\/2022\/09\/IMG-20220925-WA0041.jpg 1600w\" sizes=\"auto, (max-width: 345px) 100vw, 345px\" \/><figcaption>Fotos: Divulga\u00e7\u00e3o <\/figcaption><\/figure>\n","protected":false},"excerpt":{"rendered":"<p>Esse s\u00e1bado (24) foi de muita anima\u00e7\u00e3o para o candidato a deputado federal, Anderson Correia (PP), que visitou a cidade&hellip;<\/p>\n","protected":false},"author":1,"featured_media":88035,"comment_status":"open","ping_status":"open","sticky":false,"template":"","format":"standard","meta":{"footnotes":""},"categories":[14122],"tags":[2,19532,3406,23065,25650,20],"class_list":["post-88034","post","type-post","status-publish","format-standard","has-post-thumbnail","hentry","category-politica","tag-blog-do-edvaldo-magalhaes","tag-blog-mais-acessado-e-visualizado-de-caruaru-e-regiao","tag-caruaru","tag-eleicao","tag-em-visitas-no-recife-e-no-cabo-anderson-correia-leva-esperanca-por-progresso-na-causa-animal-de-pernambuco","tag-politica"],"_links":{"self":[{"href":"https:\/\/blogdoedvaldomagalhaes.com.br\/index.php\/wp-json\/wp\/v2\/posts\/88034","targetHints":{"allow":["GET"]}}],"collection":[{"href":"https:\/\/blogdoedvaldomagalhaes.com.br\/index.php\/wp-json\/wp\/v2\/posts"}],"about":[{"href":"https:\/\/blogdoedvaldomagalhaes.com.br\/index.php\/wp-json\/wp\/v2\/types\/post"}],"author":[{"embeddable":true,"href":"https:\/\/blogdoedvaldomagalhaes.com.br\/index.php\/wp-json\/wp\/v2\/users\/1"}],"replies":[{"embeddable":true,"href":"https:\/\/blogdoedvaldomagalhaes.com.br\/index.php\/wp-json\/wp\/v2\/comments?post=88034"}],"version-history":[{"count":1,"href":"https:\/\/blogdoedvaldomagalhaes.com.br\/index.php\/wp-json\/wp\/v2\/posts\/88034\/revisions"}],"predecessor-version":[{"id":88038,"href":"https:\/\/blogdoedvaldomagalhaes.com.br\/index.php\/wp-json\/wp\/v2\/posts\/88034\/revisions\/88038"}],"wp:featuredmedia":[{"embeddable":true,"href":"https:\/\/blogdoedvaldomagalhaes.com.br\/index.php\/wp-json\/wp\/v2\/media\/88035"}],"wp:attachment":[{"href":"https:\/\/blogdoedvaldomagalhaes.com.br\/index.php\/wp-json\/wp\/v2\/media?parent=88034"}],"wp:term":[{"taxonomy":"category","embeddable":true,"href":"https:\/\/blogdoedvaldomagalhaes.com.br\/index.php\/wp-json\/wp\/v2\/categories?post=88034"},{"taxonomy":"post_tag","embeddable":true,"href":"https:\/\/blogdoedvaldomagalhaes.com.br\/index.php\/wp-json\/wp\/v2\/tags?post=88034"}],"curies":[{"name":"wp","href":"https:\/\/api.w.org\/{rel}","templated":true}]}}