{"id":88030,"date":"2022-09-25T12:49:21","date_gmt":"2022-09-25T15:49:21","guid":{"rendered":"https:\/\/blogdoedvaldomagalhaes.com.br\/?p=88030"},"modified":"2022-09-25T12:49:22","modified_gmt":"2022-09-25T15:49:22","slug":"marilia-arraes-e-jorge-quintino-visitaram-a-feira-de-caruaru","status":"publish","type":"post","link":"https:\/\/blogdoedvaldomagalhaes.com.br\/index.php\/2022\/09\/25\/marilia-arraes-e-jorge-quintino-visitaram-a-feira-de-caruaru\/","title":{"rendered":"Mar\u00edlia Arraes e Jorge Quintino visitaram a Feira de Caruaru"},"content":{"rendered":"<p style=\"text-align: justify;\"><span style=\"color: initial; font-size: revert;\">Ex-carroceiro e ex-comerciante na Feira da Sulanca, o candidato a deputado federal, Jorge Quintino, caminhou pela Feira de Caruaru, no Parque 18 de Maio, ao lado da candidata a governadora, Mar\u00edlia Arraes, ambos do Solidariedade, e de outros integrantes da coliga\u00e7\u00e3o Pernambuco na Veia, na manh\u00e3 deste s\u00e1bado (24). Al\u00e9m de feirante, Jorge Quintino, tamb\u00e9m foi diretor de Feiras e Mercados e conseguiu melhorar muito o evento, inclusive com a defini\u00e7\u00e3o dos dias e hor\u00e1rios da feira.<\/span><\/p>\n<p style=\"text-align: justify;\">Mar\u00edlia, Jorge Quintino, e os integrantes da chapa circularam pelas ruas da feira e conversaram com os comerciantes, sendo sempre muito bem recebidos, com pedidos para abra\u00e7os e fotos. O grupo tamb\u00e9m passou por algumas ruas do centro da cidade.<\/p>\n<p style=\"text-align: justify;\">\u201cEu conhe\u00e7o como ningu\u00e9m as feiras de Caruaru, fui de carroceiro a diretor de Feiras e Mercados e hoje sou candidato a deputado federal. Sei como melhorar e conhe\u00e7o as necessidades dos feirantes e dos comerciantes. O meu compromisso \u00e9 com esse povo, com os trabalhadores, com os empreendedores, por isso sou o candidato a deputado federal de Mar\u00edlia Arraes e Lula\u201d, destacou Jorge Quintino, que foi recebido com carinho pela popula\u00e7\u00e3o local.<\/p>\n<p style=\"text-align: justify;\">Graduado em Hist\u00f3ria pela Fafica e em Direito pela Asces, o professor e vereador Jorge Quintino tem mestrado em Hist\u00f3ria pela UFPE. \u00c9 professor de Hist\u00f3ria, Filosofia e Sociologia. Foi diretor de Meio Ambiente e diretor de Feiras e Mercados da Prefeitura de Caruaru. Tamb\u00e9m presidiu o Conselho Municipal de Defesa do Meio Ambiente (Condema) e fez parte dos conselhos da Bacia do Rio Ipojuca e do Rio Capibaribe.<\/p>\n<p style=\"text-align: justify;\">\u00c9 presidente da Comiss\u00e3o de Educa\u00e7\u00e3o, Cultura e Esportes, e da Comiss\u00e3o de Meio Ambiente, al\u00e9m de membro da Comiss\u00e3o de Finan\u00e7as e Or\u00e7amento da C\u00e2mara de Vereadores de Caruaru. Conhe\u00e7a mais em @jorgequintinooficial<\/p>\n\n\n<figure class=\"wp-block-image size-large\"><img loading=\"lazy\" decoding=\"async\" width=\"576\" height=\"1024\" src=\"https:\/\/blogdoedvaldomagalhaes.com.br\/wp-content\/uploads\/2022\/09\/IMG-20220925-WA0036-576x1024.jpg\" alt=\"\" class=\"wp-image-88032\" srcset=\"https:\/\/blogdoedvaldomagalhaes.com.br\/wp-content\/uploads\/2022\/09\/IMG-20220925-WA0036-576x1024.jpg 576w, https:\/\/blogdoedvaldomagalhaes.com.br\/wp-content\/uploads\/2022\/09\/IMG-20220925-WA0036-169x300.jpg 169w, https:\/\/blogdoedvaldomagalhaes.com.br\/wp-content\/uploads\/2022\/09\/IMG-20220925-WA0036-768x1365.jpg 768w, https:\/\/blogdoedvaldomagalhaes.com.br\/wp-content\/uploads\/2022\/09\/IMG-20220925-WA0036-864x1536.jpg 864w, https:\/\/blogdoedvaldomagalhaes.com.br\/wp-content\/uploads\/2022\/09\/IMG-20220925-WA0036.jpg 900w\" sizes=\"auto, (max-width: 576px) 100vw, 576px\" \/><figcaption>Fotos: Divulga\u00e7\u00e3o <\/figcaption><\/figure>\n","protected":false},"excerpt":{"rendered":"<p>Ex-carroceiro e ex-comerciante na Feira da Sulanca, o candidato a deputado federal, Jorge Quintino, caminhou pela Feira de Caruaru, no&hellip;<\/p>\n","protected":false},"author":1,"featured_media":88031,"comment_status":"open","ping_status":"open","sticky":false,"template":"","format":"standard","meta":{"footnotes":""},"categories":[14122],"tags":[2,19532,3406,23065,25649,20],"class_list":["post-88030","post","type-post","status-publish","format-standard","has-post-thumbnail","hentry","category-politica","tag-blog-do-edvaldo-magalhaes","tag-blog-mais-acessado-e-visualizado-de-caruaru-e-regiao","tag-caruaru","tag-eleicao","tag-marilia-arraes-e-jorge-quintino-visitaram-a-feira-de-caruaru","tag-politica"],"_links":{"self":[{"href":"https:\/\/blogdoedvaldomagalhaes.com.br\/index.php\/wp-json\/wp\/v2\/posts\/88030","targetHints":{"allow":["GET"]}}],"collection":[{"href":"https:\/\/blogdoedvaldomagalhaes.com.br\/index.php\/wp-json\/wp\/v2\/posts"}],"about":[{"href":"https:\/\/blogdoedvaldomagalhaes.com.br\/index.php\/wp-json\/wp\/v2\/types\/post"}],"author":[{"embeddable":true,"href":"https:\/\/blogdoedvaldomagalhaes.com.br\/index.php\/wp-json\/wp\/v2\/users\/1"}],"replies":[{"embeddable":true,"href":"https:\/\/blogdoedvaldomagalhaes.com.br\/index.php\/wp-json\/wp\/v2\/comments?post=88030"}],"version-history":[{"count":1,"href":"https:\/\/blogdoedvaldomagalhaes.com.br\/index.php\/wp-json\/wp\/v2\/posts\/88030\/revisions"}],"predecessor-version":[{"id":88033,"href":"https:\/\/blogdoedvaldomagalhaes.com.br\/index.php\/wp-json\/wp\/v2\/posts\/88030\/revisions\/88033"}],"wp:featuredmedia":[{"embeddable":true,"href":"https:\/\/blogdoedvaldomagalhaes.com.br\/index.php\/wp-json\/wp\/v2\/media\/88031"}],"wp:attachment":[{"href":"https:\/\/blogdoedvaldomagalhaes.com.br\/index.php\/wp-json\/wp\/v2\/media?parent=88030"}],"wp:term":[{"taxonomy":"category","embeddable":true,"href":"https:\/\/blogdoedvaldomagalhaes.com.br\/index.php\/wp-json\/wp\/v2\/categories?post=88030"},{"taxonomy":"post_tag","embeddable":true,"href":"https:\/\/blogdoedvaldomagalhaes.com.br\/index.php\/wp-json\/wp\/v2\/tags?post=88030"}],"curies":[{"name":"wp","href":"https:\/\/api.w.org\/{rel}","templated":true}]}}