{"id":88027,"date":"2022-09-24T21:00:21","date_gmt":"2022-09-25T00:00:21","guid":{"rendered":"https:\/\/blogdoedvaldomagalhaes.com.br\/?p=88027"},"modified":"2022-09-24T21:00:22","modified_gmt":"2022-09-25T00:00:22","slug":"central-e-derrotado-pelo-ypiranga-pela-serie-a2-de-pernambuco","status":"publish","type":"post","link":"https:\/\/blogdoedvaldomagalhaes.com.br\/index.php\/2022\/09\/24\/central-e-derrotado-pelo-ypiranga-pela-serie-a2-de-pernambuco\/","title":{"rendered":"Central \u00e9 derrotado pelo Ypiranga, pela S\u00e9rie A2 de Pernambuco"},"content":{"rendered":"<p style=\"text-align: justify;\">O Central foi derrotado pelo Ypiranga, por 1 a 0, no Est\u00e1dio Ot\u00e1vio Limeira Alves (Limeir\u00e3o), em Santa Cruz do Capibaribe, na tarde deste s\u00e1bado (24).<span style=\"font-size: revert; color: initial;\"> O \u00fanico gol do jogo foi marcado pelo atacante \u00c9verton Felipe, aos dois minutos do 1\u00b0 tempo.<\/span><\/p>\n<p style=\"text-align: justify;\"><span style=\"font-size: revert; color: initial;\">A M\u00e1quina de Costura chegou aos 04 pontos na lideran\u00e7a do grupo 3, enquanto que a Patativa do Agreste continua com tr\u00eas pontos.<\/span><\/p>\n<p style=\"text-align: justify;\">Na pr\u00f3xima rodada, o Ypiranga recebe o Belo Jardim (quarta-feira) no Limeir\u00e3o e o Central recebe o Maguary (quinta-feira) no Lacerd\u00e3o. Foto: S\u00e9rgio Salles.<\/p>\n","protected":false},"excerpt":{"rendered":"<p>O Central foi derrotado pelo Ypiranga, por 1 a 0, no Est\u00e1dio Ot\u00e1vio Limeira Alves (Limeir\u00e3o), em Santa Cruz do&hellip;<\/p>\n","protected":false},"author":1,"featured_media":88028,"comment_status":"open","ping_status":"open","sticky":false,"template":"","format":"standard","meta":{"footnotes":""},"categories":[14120],"tags":[2,19532,3406,25648,3],"class_list":["post-88027","post","type-post","status-publish","format-standard","has-post-thumbnail","hentry","category-noticias","tag-blog-do-edvaldo-magalhaes","tag-blog-mais-acessado-e-visualizado-de-caruaru-e-regiao","tag-caruaru","tag-central-e-derrotado-pelo-ypiranga-pela-serie-a2-de-pernambuco","tag-futebol"],"_links":{"self":[{"href":"https:\/\/blogdoedvaldomagalhaes.com.br\/index.php\/wp-json\/wp\/v2\/posts\/88027","targetHints":{"allow":["GET"]}}],"collection":[{"href":"https:\/\/blogdoedvaldomagalhaes.com.br\/index.php\/wp-json\/wp\/v2\/posts"}],"about":[{"href":"https:\/\/blogdoedvaldomagalhaes.com.br\/index.php\/wp-json\/wp\/v2\/types\/post"}],"author":[{"embeddable":true,"href":"https:\/\/blogdoedvaldomagalhaes.com.br\/index.php\/wp-json\/wp\/v2\/users\/1"}],"replies":[{"embeddable":true,"href":"https:\/\/blogdoedvaldomagalhaes.com.br\/index.php\/wp-json\/wp\/v2\/comments?post=88027"}],"version-history":[{"count":1,"href":"https:\/\/blogdoedvaldomagalhaes.com.br\/index.php\/wp-json\/wp\/v2\/posts\/88027\/revisions"}],"predecessor-version":[{"id":88029,"href":"https:\/\/blogdoedvaldomagalhaes.com.br\/index.php\/wp-json\/wp\/v2\/posts\/88027\/revisions\/88029"}],"wp:featuredmedia":[{"embeddable":true,"href":"https:\/\/blogdoedvaldomagalhaes.com.br\/index.php\/wp-json\/wp\/v2\/media\/88028"}],"wp:attachment":[{"href":"https:\/\/blogdoedvaldomagalhaes.com.br\/index.php\/wp-json\/wp\/v2\/media?parent=88027"}],"wp:term":[{"taxonomy":"category","embeddable":true,"href":"https:\/\/blogdoedvaldomagalhaes.com.br\/index.php\/wp-json\/wp\/v2\/categories?post=88027"},{"taxonomy":"post_tag","embeddable":true,"href":"https:\/\/blogdoedvaldomagalhaes.com.br\/index.php\/wp-json\/wp\/v2\/tags?post=88027"}],"curies":[{"name":"wp","href":"https:\/\/api.w.org\/{rel}","templated":true}]}}