{"id":88020,"date":"2022-09-24T20:19:51","date_gmt":"2022-09-24T23:19:51","guid":{"rendered":"https:\/\/blogdoedvaldomagalhaes.com.br\/?p=88020"},"modified":"2022-09-24T20:33:15","modified_gmt":"2022-09-24T23:33:15","slug":"homem-e-assassinado-a-tiros-em-caruaru-neste-sabado-24","status":"publish","type":"post","link":"https:\/\/blogdoedvaldomagalhaes.com.br\/index.php\/2022\/09\/24\/homem-e-assassinado-a-tiros-em-caruaru-neste-sabado-24\/","title":{"rendered":"Homem \u00e9 assassinado a tiros em Caruaru, neste s\u00e1bado (24)"},"content":{"rendered":"<p style=\"text-align: justify;\">A pol\u00edcia registrou um homic\u00eddio na tarde deste s\u00e1bado (24), em Caruaru. Klisalyson Pereira da Silva, 30 anos de idade, foi alvejado por disparos de arma de fogo, quando estava no bairro Agamenon Magalh\u00e3es, sendo socorrido por populares para o Hospital Regional do Agreste (HRA), mas, deu entrada sem vida. Policiais militares estiveram no local do crime. A Delegacia de Homic\u00eddios vai investigar o caso.<\/p>\n<p style=\"text-align: justify;\">Este \u00e9 o 11\u00b0 homic\u00eddio no m\u00eas de setembro e o 60\u00b0 homic\u00eddio no ano de 2022, em Caruaru.<\/p>\n<p style=\"text-align: justify;\">Foto do local: Blog do Edvaldo Magalh\u00e3es.<\/p>\n","protected":false},"excerpt":{"rendered":"<p>A pol\u00edcia registrou um homic\u00eddio na tarde deste s\u00e1bado (24), em Caruaru. Klisalyson Pereira da Silva, 30 anos de idade,&hellip;<\/p>\n","protected":false},"author":1,"featured_media":88022,"comment_status":"open","ping_status":"open","sticky":false,"template":"","format":"standard","meta":{"footnotes":""},"categories":[14121],"tags":[2,19532,3406,25647,5448],"class_list":["post-88020","post","type-post","status-publish","format-standard","has-post-thumbnail","hentry","category-policial","tag-blog-do-edvaldo-magalhaes","tag-blog-mais-acessado-e-visualizado-de-caruaru-e-regiao","tag-caruaru","tag-homem-e-assassinado-a-tiros-em-caruaru-neste-sabado-24","tag-homicidio"],"_links":{"self":[{"href":"https:\/\/blogdoedvaldomagalhaes.com.br\/index.php\/wp-json\/wp\/v2\/posts\/88020","targetHints":{"allow":["GET"]}}],"collection":[{"href":"https:\/\/blogdoedvaldomagalhaes.com.br\/index.php\/wp-json\/wp\/v2\/posts"}],"about":[{"href":"https:\/\/blogdoedvaldomagalhaes.com.br\/index.php\/wp-json\/wp\/v2\/types\/post"}],"author":[{"embeddable":true,"href":"https:\/\/blogdoedvaldomagalhaes.com.br\/index.php\/wp-json\/wp\/v2\/users\/1"}],"replies":[{"embeddable":true,"href":"https:\/\/blogdoedvaldomagalhaes.com.br\/index.php\/wp-json\/wp\/v2\/comments?post=88020"}],"version-history":[{"count":3,"href":"https:\/\/blogdoedvaldomagalhaes.com.br\/index.php\/wp-json\/wp\/v2\/posts\/88020\/revisions"}],"predecessor-version":[{"id":88026,"href":"https:\/\/blogdoedvaldomagalhaes.com.br\/index.php\/wp-json\/wp\/v2\/posts\/88020\/revisions\/88026"}],"wp:featuredmedia":[{"embeddable":true,"href":"https:\/\/blogdoedvaldomagalhaes.com.br\/index.php\/wp-json\/wp\/v2\/media\/88022"}],"wp:attachment":[{"href":"https:\/\/blogdoedvaldomagalhaes.com.br\/index.php\/wp-json\/wp\/v2\/media?parent=88020"}],"wp:term":[{"taxonomy":"category","embeddable":true,"href":"https:\/\/blogdoedvaldomagalhaes.com.br\/index.php\/wp-json\/wp\/v2\/categories?post=88020"},{"taxonomy":"post_tag","embeddable":true,"href":"https:\/\/blogdoedvaldomagalhaes.com.br\/index.php\/wp-json\/wp\/v2\/tags?post=88020"}],"curies":[{"name":"wp","href":"https:\/\/api.w.org\/{rel}","templated":true}]}}