{"id":88016,"date":"2022-09-24T13:37:34","date_gmt":"2022-09-24T16:37:34","guid":{"rendered":"https:\/\/blogdoedvaldomagalhaes.com.br\/?p=88016"},"modified":"2022-09-24T13:37:35","modified_gmt":"2022-09-24T16:37:35","slug":"fagner-recebe-apoio-de-ong-animal-de-garanhuns-e-visita-feira-de-agrestina","status":"publish","type":"post","link":"https:\/\/blogdoedvaldomagalhaes.com.br\/index.php\/2022\/09\/24\/fagner-recebe-apoio-de-ong-animal-de-garanhuns-e-visita-feira-de-agrestina\/","title":{"rendered":"Fagner recebe apoio de ONG animal de Garanhuns e visita feira de Agrestina"},"content":{"rendered":"<p style=\"text-align: justify;\">Na pen\u00faltima sexta-feira (23) da campanha, o candidato a deputado federal Fagner Fernandes (PDT) visitou as cidades de Garanhuns e Agrestina. Durante a manh\u00e3, ele esteve com a milit\u00e2ncia na feira livre de Agrestina, onde conversou com os feirantes sobre a import\u00e2ncia do bem-estar animal, que \u00e9 uma quest\u00e3o de sa\u00fade p\u00fablica. Em um dos bancos, a feirante declarou que n\u00e3o votava em ningu\u00e9m at\u00e9 conhecer Fagner. \u201cEu sequer pego esses pap\u00e9is de candidato, mas quando vi que no dele falava de animais e conversei pra saber as coisas que ele fez, ganhou meu voto\u201d.<br \/>\u00c0 noite, o futuro deputado esteve em Garanhuns e recebeu o apoio da ONG Associa\u00e7\u00e3o Anjos de Patas Garanhuns, que ajuda os animais do munic\u00edpio. Participaram do encontro as representantes da ONG, Cl\u00eania, Carla, Suzana, Neide e Cristiane, que agradeceram a presen\u00e7a de Fagner. \u201cA gente precisa de pol\u00edticas p\u00fablicas e leis. Acreditamos que, como deputado, ele pode ajudar os animais da nossa cidade. Se ele j\u00e1 fez em Caruaru, provou que sabe e entende. Al\u00e9m disso, tamb\u00e9m \u00e9 protetor h\u00e1 muito tempo. Vamos trabalhar para eleger Fagner\u201d, afirmou Neide.<br \/>Fagner falou um pouco sobre o apoio que recebeu. \u201cNos lugares que chegamos, as pessoas falam sobre a necessidade de ter um trabalho como o que j\u00e1 realizei em Caruaru. Na feira de Agrestina, ouvimos o quanto os animais est\u00e3o abandonados; em Garanhuns n\u00e3o foi muito diferente. Mesmo com a Universidade Rural com curso de veterin\u00e1ria, os animais n\u00e3o t\u00eam assist\u00eancia. Precisamos apoiar os munic\u00edpios e a popula\u00e7\u00e3o entende e quer isso. Recebemos o apoio de diversos protetores e, agora, da ONG de Garanhuns, comprovando que nosso trabalho precisa ser levado a mais munic\u00edpios de Pernambuco\u201d.<\/p>\n\n\n<figure class=\"wp-block-image size-large\"><img loading=\"lazy\" decoding=\"async\" width=\"1024\" height=\"682\" src=\"https:\/\/blogdoedvaldomagalhaes.com.br\/wp-content\/uploads\/2022\/09\/IMG-20220924-WA0156-1024x682.jpg\" alt=\"\" class=\"wp-image-88018\" srcset=\"https:\/\/blogdoedvaldomagalhaes.com.br\/wp-content\/uploads\/2022\/09\/IMG-20220924-WA0156-1024x682.jpg 1024w, https:\/\/blogdoedvaldomagalhaes.com.br\/wp-content\/uploads\/2022\/09\/IMG-20220924-WA0156-300x200.jpg 300w, https:\/\/blogdoedvaldomagalhaes.com.br\/wp-content\/uploads\/2022\/09\/IMG-20220924-WA0156-768x512.jpg 768w, https:\/\/blogdoedvaldomagalhaes.com.br\/wp-content\/uploads\/2022\/09\/IMG-20220924-WA0156.jpg 1280w\" sizes=\"auto, (max-width: 1024px) 100vw, 1024px\" \/><\/figure>\n\n\n\n<p><\/p>\n\n\n\n<p><\/p>\n","protected":false},"excerpt":{"rendered":"<p>Na pen\u00faltima sexta-feira (23) da campanha, o candidato a deputado federal Fagner Fernandes (PDT) visitou as cidades de Garanhuns e&hellip;<\/p>\n","protected":false},"author":1,"featured_media":88017,"comment_status":"open","ping_status":"open","sticky":false,"template":"","format":"standard","meta":{"footnotes":""},"categories":[14122],"tags":[2,19532,3406,23065,25646,20],"class_list":["post-88016","post","type-post","status-publish","format-standard","has-post-thumbnail","hentry","category-politica","tag-blog-do-edvaldo-magalhaes","tag-blog-mais-acessado-e-visualizado-de-caruaru-e-regiao","tag-caruaru","tag-eleicao","tag-fagner-recebe-apoio-de-ong-animal-de-garanhuns-e-visita-feira-de-agrestina","tag-politica"],"_links":{"self":[{"href":"https:\/\/blogdoedvaldomagalhaes.com.br\/index.php\/wp-json\/wp\/v2\/posts\/88016","targetHints":{"allow":["GET"]}}],"collection":[{"href":"https:\/\/blogdoedvaldomagalhaes.com.br\/index.php\/wp-json\/wp\/v2\/posts"}],"about":[{"href":"https:\/\/blogdoedvaldomagalhaes.com.br\/index.php\/wp-json\/wp\/v2\/types\/post"}],"author":[{"embeddable":true,"href":"https:\/\/blogdoedvaldomagalhaes.com.br\/index.php\/wp-json\/wp\/v2\/users\/1"}],"replies":[{"embeddable":true,"href":"https:\/\/blogdoedvaldomagalhaes.com.br\/index.php\/wp-json\/wp\/v2\/comments?post=88016"}],"version-history":[{"count":1,"href":"https:\/\/blogdoedvaldomagalhaes.com.br\/index.php\/wp-json\/wp\/v2\/posts\/88016\/revisions"}],"predecessor-version":[{"id":88019,"href":"https:\/\/blogdoedvaldomagalhaes.com.br\/index.php\/wp-json\/wp\/v2\/posts\/88016\/revisions\/88019"}],"wp:featuredmedia":[{"embeddable":true,"href":"https:\/\/blogdoedvaldomagalhaes.com.br\/index.php\/wp-json\/wp\/v2\/media\/88017"}],"wp:attachment":[{"href":"https:\/\/blogdoedvaldomagalhaes.com.br\/index.php\/wp-json\/wp\/v2\/media?parent=88016"}],"wp:term":[{"taxonomy":"category","embeddable":true,"href":"https:\/\/blogdoedvaldomagalhaes.com.br\/index.php\/wp-json\/wp\/v2\/categories?post=88016"},{"taxonomy":"post_tag","embeddable":true,"href":"https:\/\/blogdoedvaldomagalhaes.com.br\/index.php\/wp-json\/wp\/v2\/tags?post=88016"}],"curies":[{"name":"wp","href":"https:\/\/api.w.org\/{rel}","templated":true}]}}