{"id":88013,"date":"2022-09-24T10:56:54","date_gmt":"2022-09-24T13:56:54","guid":{"rendered":"https:\/\/blogdoedvaldomagalhaes.com.br\/?p=88013"},"modified":"2022-09-24T10:56:55","modified_gmt":"2022-09-24T13:56:55","slug":"prf-pe-detem-foragido-do-sistema-prisional-com-submetralhadora-pistola-e-municoes-na-mochila","status":"publish","type":"post","link":"https:\/\/blogdoedvaldomagalhaes.com.br\/index.php\/2022\/09\/24\/prf-pe-detem-foragido-do-sistema-prisional-com-submetralhadora-pistola-e-municoes-na-mochila\/","title":{"rendered":"PRF-PE det\u00e9m foragido do sistema prisional com submetralhadora, pistola e muni\u00e7\u00f5es na mochila"},"content":{"rendered":"<p style=\"text-align: justify;\"><span style=\"color: initial; font-size: revert;\">A Pol\u00edcia Rodovi\u00e1ria Federal (PRF) apreendeu, nesta sexta (23), uma submetralhadora calibre .40, uma pistola calibre .380, um colete bal\u00edstico, um coldre, carregadores e 76 muni\u00e7\u00f5es. Todo esse material foi encontrado na mochila de um homem foragido do sistema prisional, durante uma fiscaliza\u00e7\u00e3o na BR-101, no bairro do Curado, na Zona Oeste do Recife.<\/span><\/p>\n<p style=\"text-align: justify;\">O suspeito seguia viagem como passageiro em um t\u00e1xi. Seguindo o protocolo de fiscaliza\u00e7\u00e3o de ve\u00edculos e pessoas, os PRFs solicitaram ao homem seus documentos pessoais. Ele disse n\u00e3o portar qualquer documento e, ao ser questionado sobre o que levava na mochila em seu colo, prontamente ele confessou que carregava armas.<\/p>\n<p style=\"text-align: justify;\">O passageiro nada mais falou sobre o material apreendido. J\u00e1 o taxista disse que receberia R$ 50 para levar o homem do Jord\u00e3o, na Zona Sul do Recife, at\u00e9 o Engenho do Meio, na Zona Oeste da capital, mas desconhecia o conte\u00fado que havia na mochila do homem.<\/p>\n<p style=\"text-align: justify;\">A ocorr\u00eancia foi encaminhada para o Departamento de Repress\u00e3o aos Crimes Patrimoniais (Depatri), em Afogados, na Zona Oeste do Recife. No local, a identidade do homem foi revelada e a equipe descobriu que ele havia sido condenado pelo roubo a um banco em 2009, al\u00e9m de ser considerado foragido do regime semiaberto.<\/p>\n","protected":false},"excerpt":{"rendered":"<p>A Pol\u00edcia Rodovi\u00e1ria Federal (PRF) apreendeu, nesta sexta (23), uma submetralhadora calibre .40, uma pistola calibre .380, um colete bal\u00edstico,&hellip;<\/p>\n","protected":false},"author":1,"featured_media":88014,"comment_status":"open","ping_status":"open","sticky":false,"template":"","format":"standard","meta":{"footnotes":""},"categories":[14121],"tags":[2,19532,3406,25645],"class_list":["post-88013","post","type-post","status-publish","format-standard","has-post-thumbnail","hentry","category-policial","tag-blog-do-edvaldo-magalhaes","tag-blog-mais-acessado-e-visualizado-de-caruaru-e-regiao","tag-caruaru","tag-prf-pe-detem-foragido-do-sistema-prisional-com-submetralhadora-pistola-e-municoes-na-mochila"],"_links":{"self":[{"href":"https:\/\/blogdoedvaldomagalhaes.com.br\/index.php\/wp-json\/wp\/v2\/posts\/88013","targetHints":{"allow":["GET"]}}],"collection":[{"href":"https:\/\/blogdoedvaldomagalhaes.com.br\/index.php\/wp-json\/wp\/v2\/posts"}],"about":[{"href":"https:\/\/blogdoedvaldomagalhaes.com.br\/index.php\/wp-json\/wp\/v2\/types\/post"}],"author":[{"embeddable":true,"href":"https:\/\/blogdoedvaldomagalhaes.com.br\/index.php\/wp-json\/wp\/v2\/users\/1"}],"replies":[{"embeddable":true,"href":"https:\/\/blogdoedvaldomagalhaes.com.br\/index.php\/wp-json\/wp\/v2\/comments?post=88013"}],"version-history":[{"count":1,"href":"https:\/\/blogdoedvaldomagalhaes.com.br\/index.php\/wp-json\/wp\/v2\/posts\/88013\/revisions"}],"predecessor-version":[{"id":88015,"href":"https:\/\/blogdoedvaldomagalhaes.com.br\/index.php\/wp-json\/wp\/v2\/posts\/88013\/revisions\/88015"}],"wp:featuredmedia":[{"embeddable":true,"href":"https:\/\/blogdoedvaldomagalhaes.com.br\/index.php\/wp-json\/wp\/v2\/media\/88014"}],"wp:attachment":[{"href":"https:\/\/blogdoedvaldomagalhaes.com.br\/index.php\/wp-json\/wp\/v2\/media?parent=88013"}],"wp:term":[{"taxonomy":"category","embeddable":true,"href":"https:\/\/blogdoedvaldomagalhaes.com.br\/index.php\/wp-json\/wp\/v2\/categories?post=88013"},{"taxonomy":"post_tag","embeddable":true,"href":"https:\/\/blogdoedvaldomagalhaes.com.br\/index.php\/wp-json\/wp\/v2\/tags?post=88013"}],"curies":[{"name":"wp","href":"https:\/\/api.w.org\/{rel}","templated":true}]}}