{"id":876,"date":"2018-10-28T00:26:00","date_gmt":"2018-10-28T02:26:00","guid":{"rendered":"http:\/\/blogdoedvaldomagalhaes.com.br\/index.php\/2018\/10\/28\/prefeitura-de-caruaru-inaugura-quadra\/"},"modified":"2019-02-09T02:37:18","modified_gmt":"2019-02-09T04:37:18","slug":"prefeitura-de-caruaru-inaugura-quadra","status":"publish","type":"post","link":"https:\/\/blogdoedvaldomagalhaes.com.br\/index.php\/2018\/10\/28\/prefeitura-de-caruaru-inaugura-quadra\/","title":{"rendered":"Prefeitura de Caruaru inaugura Quadra Poliesportiva no Monte Bom Jesus"},"content":{"rendered":"<div class=\"separator\" style=\"clear: both; text-align: center;\">\n<a href=\"https:\/\/3.bp.blogspot.com\/-edFyYsPsrGQ\/W9UB7wbDo4I\/AAAAAAAA8hw\/81he2O71mCQtXcdWeoODweqRe0bJVx1TACLcBGAs\/s1600\/ela.jpeg\" imageanchor=\"1\" style=\"margin-left: 1em; margin-right: 1em;\"><img loading=\"lazy\" decoding=\"async\" border=\"0\" data-original-height=\"464\" data-original-width=\"696\" height=\"426\" src=\"http:\/\/blogdoedvaldomagalhaes.com.br\/wp-content\/uploads\/2018\/10\/ela.jpeg\" width=\"640\" \/><\/a><\/div>\n<div class=\"separator\" style=\"clear: both; text-align: center;\">\nFoto: Arnaldo F\u00e9lix\/Divulga\u00e7\u00e3o<\/div>\n<div style=\"text-align: justify;\">\n<\/div>\n<div style=\"text-align: justify;\">\nCom investimentos de quase R$ 300 mil, o novo espa\u00e7o faz parte da segunda etapa de requalifica\u00e7\u00e3o do Monte<\/div>\n<div style=\"text-align: justify;\">\n<\/div>\n<div style=\"text-align: justify;\">\nA prefeita de Caruaru, Raquel Lyra, inaugurou, na tarde deste s\u00e1bado (27), mais uma etapa das obras de requalifica\u00e7\u00e3o do Monte Bom Jesus, desta vez, a Quadra Poliesportiva, com total estrutura para receber os atletas e amantes do esporte em geral.<\/div>\n<div style=\"text-align: justify;\">\n<\/div>\n<div class=\"separator\" style=\"clear: both; text-align: center;\">\n<a href=\"https:\/\/1.bp.blogspot.com\/-3kjqlCO5Vkw\/W9UCExFFSuI\/AAAAAAAA8h0\/0rnCmoAZuY4ZJxTiq1O5Uv9dgx5RJVoUACLcBGAs\/s1600\/pref.jpg\" imageanchor=\"1\" style=\"margin-left: 1em; margin-right: 1em;\"><img loading=\"lazy\" decoding=\"async\" border=\"0\" data-original-height=\"680\" data-original-width=\"1024\" height=\"424\" src=\"http:\/\/blogdoedvaldomagalhaes.com.br\/wp-content\/uploads\/2018\/10\/pref-1.jpg\" width=\"640\" \/><\/a><\/div>\n<div style=\"text-align: justify;\">\n<\/div>\n<div style=\"text-align: justify;\">\nO mais novo espa\u00e7o faz parte da segunda etapa de requalifica\u00e7\u00e3o, juntando-se a todos os outros espa\u00e7os j\u00e1 entregues \u00e0 popula\u00e7\u00e3o. \u201cPara n\u00f3s, incentivadores do esporte, \u00e9 uma felicidade sem igual prestigiar um momento como este. Cada espa\u00e7o aqui ser\u00e1 utilizado da melhor forma poss\u00edvel, incentivando, cada vez mais, nossos alunos na pr\u00e1tica do esporte\u201d, afirmou o professor de Karat\u00ea, Santana.<\/p>\n<\/div>\n<div style=\"text-align: justify;\">\n<div class=\"separator\" style=\"clear: both; text-align: center;\">\n<a href=\"https:\/\/4.bp.blogspot.com\/--m5z_k8BSDo\/W9XdUTsydMI\/AAAAAAAA8kk\/_dG-jysTrb8xLZRFEY3DqQmWWebtrjjBACLcBGAs\/s1600\/pref.jpg\" imageanchor=\"1\" style=\"margin-left: 1em; margin-right: 1em;\"><img loading=\"lazy\" decoding=\"async\" border=\"0\" data-original-height=\"682\" data-original-width=\"1024\" height=\"426\" src=\"http:\/\/blogdoedvaldomagalhaes.com.br\/wp-content\/uploads\/2018\/10\/pref-2.jpg\" width=\"640\" \/><\/a><\/div>\n<p><\/div>\n<div style=\"text-align: justify;\">\nNo total, foram investidos na obra quase R$ 300 mil. \u201cDesde que lancei meu plano de governo, aqui neste Monte, me comprometi a requalificar este espa\u00e7o, a devolver o grande cart\u00e3o postal que Caruaru tinha. Vamos garantir a estas crian\u00e7as um ambiente saud\u00e1vel, com mais qualidade de vida e incentivo ao esporte. Este espa\u00e7o \u00e9 de voc\u00eas\u201d, finalizou a prefeita Raquel Lyra.<\/div>\n","protected":false},"excerpt":{"rendered":"<p>Foto: Arnaldo F\u00e9lix\/Divulga\u00e7\u00e3o Com investimentos de quase R$ 300 mil, o novo espa\u00e7o faz parte da segunda etapa de requalifica\u00e7\u00e3o&hellip;<\/p>\n","protected":false},"author":1,"featured_media":0,"comment_status":"open","ping_status":"open","sticky":false,"template":"","format":"standard","meta":{"footnotes":""},"categories":[1],"tags":[2,6,820],"class_list":["post-876","post","type-post","status-publish","format-standard","hentry","category-sem-categoria","tag-blog-do-edvaldo-magalhaes","tag-noticias","tag-prefeitura-de-caruaru-inaugura-quadra-poliesportiva-no-monte-bom-jesus"],"_links":{"self":[{"href":"https:\/\/blogdoedvaldomagalhaes.com.br\/index.php\/wp-json\/wp\/v2\/posts\/876","targetHints":{"allow":["GET"]}}],"collection":[{"href":"https:\/\/blogdoedvaldomagalhaes.com.br\/index.php\/wp-json\/wp\/v2\/posts"}],"about":[{"href":"https:\/\/blogdoedvaldomagalhaes.com.br\/index.php\/wp-json\/wp\/v2\/types\/post"}],"author":[{"embeddable":true,"href":"https:\/\/blogdoedvaldomagalhaes.com.br\/index.php\/wp-json\/wp\/v2\/users\/1"}],"replies":[{"embeddable":true,"href":"https:\/\/blogdoedvaldomagalhaes.com.br\/index.php\/wp-json\/wp\/v2\/comments?post=876"}],"version-history":[{"count":1,"href":"https:\/\/blogdoedvaldomagalhaes.com.br\/index.php\/wp-json\/wp\/v2\/posts\/876\/revisions"}],"predecessor-version":[{"id":35330,"href":"https:\/\/blogdoedvaldomagalhaes.com.br\/index.php\/wp-json\/wp\/v2\/posts\/876\/revisions\/35330"}],"wp:attachment":[{"href":"https:\/\/blogdoedvaldomagalhaes.com.br\/index.php\/wp-json\/wp\/v2\/media?parent=876"}],"wp:term":[{"taxonomy":"category","embeddable":true,"href":"https:\/\/blogdoedvaldomagalhaes.com.br\/index.php\/wp-json\/wp\/v2\/categories?post=876"},{"taxonomy":"post_tag","embeddable":true,"href":"https:\/\/blogdoedvaldomagalhaes.com.br\/index.php\/wp-json\/wp\/v2\/tags?post=876"}],"curies":[{"name":"wp","href":"https:\/\/api.w.org\/{rel}","templated":true}]}}