{"id":8751,"date":"2016-08-03T23:54:00","date_gmt":"2016-08-04T02:54:00","guid":{"rendered":"http:\/\/blogdoedvaldomagalhaes.com.br\/index.php\/2016\/08\/03\/sindecc-convoca-comerciarios-para\/"},"modified":"2019-02-09T00:53:33","modified_gmt":"2019-02-09T02:53:33","slug":"sindecc-convoca-comerciarios-para","status":"publish","type":"post","link":"https:\/\/blogdoedvaldomagalhaes.com.br\/index.php\/2016\/08\/03\/sindecc-convoca-comerciarios-para\/","title":{"rendered":"Sindecc convoca comerci\u00e1rios para assembleia geral extraordin\u00e1ria"},"content":{"rendered":"<div class=\"separator\" style=\"clear: both; text-align: center;\">\n<a href=\"https:\/\/2.bp.blogspot.com\/-1TOwzs8e7yA\/V6KD8KOLbeI\/AAAAAAAADq4\/K8Zra-5RVsQ_mmOPaDDAMSIR6UghMUVRgCLcB\/s1600\/sindecc.jpg\" imageanchor=\"1\" style=\"margin-left: 1em; margin-right: 1em;\"><img loading=\"lazy\" decoding=\"async\" border=\"0\" height=\"396\" src=\"http:\/\/blogdoedvaldomagalhaes.com.br\/wp-content\/uploads\/2016\/08\/sindecc.jpg\" width=\"400\" \/><\/a><\/div>\n<p><\/p>\n<div class=\"MsoNoSpacing\" style=\"text-align: justify;\">\nO<br \/>\nSindicato dos Empregados no Com\u00e9rcio de Caruaru (Sindecc) convocou os<br \/>\ncomerci\u00e1rios para uma Assembleia Geral Extraordin\u00e1ria. O encontro acontece<br \/>\nnesta quinta-feira (04), \u00e0s 19h, na sede provis\u00f3ria do sindicato, na Rua Mestre<br \/>\nPedro, centro da cidade.<\/div>\n<div class=\"MsoNoSpacing\" style=\"text-align: justify;\">\n<\/div>\n<div class=\"MsoNoSpacing\" style=\"text-align: justify;\">\nEm<br \/>\npauta, a campanha de sindicaliza\u00e7\u00e3o 2016. Na ocasi\u00e3o, a equipe do Sindecc ir\u00e1<br \/>\ntirar poss\u00edveis d\u00favidas sobre direito do trabalho. Tamb\u00e9m ir\u00e1 repassar para a<br \/>\ncategoria todos os benef\u00edcios de se associar ao sindicato. <\/div>\n<p><\/p>\n","protected":false},"excerpt":{"rendered":"<p>O Sindicato dos Empregados no Com\u00e9rcio de Caruaru (Sindecc) convocou os comerci\u00e1rios para uma Assembleia Geral Extraordin\u00e1ria. O encontro acontece&hellip;<\/p>\n","protected":false},"author":1,"featured_media":0,"comment_status":"open","ping_status":"open","sticky":false,"template":"","format":"standard","meta":{"footnotes":""},"categories":[1],"tags":[2,3791,11067,13090],"class_list":["post-8751","post","type-post","status-publish","format-standard","hentry","category-sem-categoria","tag-blog-do-edvaldo-magalhaes","tag-centro-de-caruaru","tag-rua-mestre-pedro","tag-sindecc-convoca-comerciarios-para-assembleia-geral-extraordinaria"],"_links":{"self":[{"href":"https:\/\/blogdoedvaldomagalhaes.com.br\/index.php\/wp-json\/wp\/v2\/posts\/8751","targetHints":{"allow":["GET"]}}],"collection":[{"href":"https:\/\/blogdoedvaldomagalhaes.com.br\/index.php\/wp-json\/wp\/v2\/posts"}],"about":[{"href":"https:\/\/blogdoedvaldomagalhaes.com.br\/index.php\/wp-json\/wp\/v2\/types\/post"}],"author":[{"embeddable":true,"href":"https:\/\/blogdoedvaldomagalhaes.com.br\/index.php\/wp-json\/wp\/v2\/users\/1"}],"replies":[{"embeddable":true,"href":"https:\/\/blogdoedvaldomagalhaes.com.br\/index.php\/wp-json\/wp\/v2\/comments?post=8751"}],"version-history":[{"count":1,"href":"https:\/\/blogdoedvaldomagalhaes.com.br\/index.php\/wp-json\/wp\/v2\/posts\/8751\/revisions"}],"predecessor-version":[{"id":10993,"href":"https:\/\/blogdoedvaldomagalhaes.com.br\/index.php\/wp-json\/wp\/v2\/posts\/8751\/revisions\/10993"}],"wp:attachment":[{"href":"https:\/\/blogdoedvaldomagalhaes.com.br\/index.php\/wp-json\/wp\/v2\/media?parent=8751"}],"wp:term":[{"taxonomy":"category","embeddable":true,"href":"https:\/\/blogdoedvaldomagalhaes.com.br\/index.php\/wp-json\/wp\/v2\/categories?post=8751"},{"taxonomy":"post_tag","embeddable":true,"href":"https:\/\/blogdoedvaldomagalhaes.com.br\/index.php\/wp-json\/wp\/v2\/tags?post=8751"}],"curies":[{"name":"wp","href":"https:\/\/api.w.org\/{rel}","templated":true}]}}