{"id":8750,"date":"2016-08-04T01:40:00","date_gmt":"2016-08-04T04:40:00","guid":{"rendered":"http:\/\/blogdoedvaldomagalhaes.com.br\/index.php\/2016\/08\/04\/tony-gel-ja-tem-nome-do-vice-para\/"},"modified":"2019-02-09T00:53:33","modified_gmt":"2019-02-09T02:53:33","slug":"tony-gel-ja-tem-nome-do-vice-para","status":"publish","type":"post","link":"https:\/\/blogdoedvaldomagalhaes.com.br\/index.php\/2016\/08\/04\/tony-gel-ja-tem-nome-do-vice-para\/","title":{"rendered":"Tony Gel j\u00e1 tem nome do vice para disputar a Prefeitura de Caruaru"},"content":{"rendered":"<div class=\"separator\" style=\"clear: both; text-align: center;\">\n<a href=\"https:\/\/1.bp.blogspot.com\/-tUkTysdmWxE\/V6KcbaB9jqI\/AAAAAAAADrI\/Y6sFIAmf1TAn11aow9ZW5ZHi9k_Jh9jkgCLcB\/s1600\/raffi%25C3%25AA.jpg\" imageanchor=\"1\" style=\"margin-left: 1em; margin-right: 1em;\"><img loading=\"lazy\" decoding=\"async\" border=\"0\" height=\"240\" src=\"http:\/\/blogdoedvaldomagalhaes.com.br\/wp-content\/uploads\/2016\/08\/raffiC3AA.jpg\" width=\"400\" \/><\/a><\/div>\n<div style=\"text-align: justify;\">\n<\/div>\n<div style=\"text-align: justify;\">\nUma fonte acaba de informar ao Blog do Edvaldo Magalh\u00e3es, que o jovem Raffi\u00ea Dellon (PV), ser\u00e1 anunciado na conven\u00e7\u00e3o desta quinta-feira (04), no Baco&#8217;s Recep\u00e7\u00f5es, como pr\u00e9-candidato a vice-prefeito na chapa encabe\u00e7ada pelo deputado estadual Tony Gel (PMDB).<\/div>\n","protected":false},"excerpt":{"rendered":"<p>Uma fonte acaba de informar ao Blog do Edvaldo Magalh\u00e3es, que o jovem Raffi\u00ea Dellon (PV), ser\u00e1 anunciado na conven\u00e7\u00e3o&hellip;<\/p>\n","protected":false},"author":1,"featured_media":0,"comment_status":"open","ping_status":"open","sticky":false,"template":"","format":"standard","meta":{"footnotes":""},"categories":[1],"tags":[4679,2,4966,20,12062,13089],"class_list":["post-8750","post","type-post","status-publish","format-standard","hentry","category-sem-categoria","tag-bacos-recepcoes","tag-blog-do-edvaldo-magalhaes","tag-pmdb","tag-politica","tag-pv","tag-tony-gel-ja-tem-nome-do-vice-para-disputar-a-prefeitura-de-caruaru"],"_links":{"self":[{"href":"https:\/\/blogdoedvaldomagalhaes.com.br\/index.php\/wp-json\/wp\/v2\/posts\/8750","targetHints":{"allow":["GET"]}}],"collection":[{"href":"https:\/\/blogdoedvaldomagalhaes.com.br\/index.php\/wp-json\/wp\/v2\/posts"}],"about":[{"href":"https:\/\/blogdoedvaldomagalhaes.com.br\/index.php\/wp-json\/wp\/v2\/types\/post"}],"author":[{"embeddable":true,"href":"https:\/\/blogdoedvaldomagalhaes.com.br\/index.php\/wp-json\/wp\/v2\/users\/1"}],"replies":[{"embeddable":true,"href":"https:\/\/blogdoedvaldomagalhaes.com.br\/index.php\/wp-json\/wp\/v2\/comments?post=8750"}],"version-history":[{"count":1,"href":"https:\/\/blogdoedvaldomagalhaes.com.br\/index.php\/wp-json\/wp\/v2\/posts\/8750\/revisions"}],"predecessor-version":[{"id":10995,"href":"https:\/\/blogdoedvaldomagalhaes.com.br\/index.php\/wp-json\/wp\/v2\/posts\/8750\/revisions\/10995"}],"wp:attachment":[{"href":"https:\/\/blogdoedvaldomagalhaes.com.br\/index.php\/wp-json\/wp\/v2\/media?parent=8750"}],"wp:term":[{"taxonomy":"category","embeddable":true,"href":"https:\/\/blogdoedvaldomagalhaes.com.br\/index.php\/wp-json\/wp\/v2\/categories?post=8750"},{"taxonomy":"post_tag","embeddable":true,"href":"https:\/\/blogdoedvaldomagalhaes.com.br\/index.php\/wp-json\/wp\/v2\/tags?post=8750"}],"curies":[{"name":"wp","href":"https:\/\/api.w.org\/{rel}","templated":true}]}}