{"id":8749,"date":"2016-08-04T02:22:00","date_gmt":"2016-08-04T05:22:00","guid":{"rendered":"http:\/\/blogdoedvaldomagalhaes.com.br\/index.php\/2016\/08\/04\/bancarios-definem-campanha-salaria\/"},"modified":"2019-02-09T00:53:33","modified_gmt":"2019-02-09T02:53:33","slug":"bancarios-definem-campanha-salaria","status":"publish","type":"post","link":"https:\/\/blogdoedvaldomagalhaes.com.br\/index.php\/2016\/08\/04\/bancarios-definem-campanha-salaria\/","title":{"rendered":"Banc\u00e1rios definem campanha salarial 2016 em encontro nacional no Cear\u00e1"},"content":{"rendered":"<div class=\"separator\" style=\"clear: both; text-align: center;\">\n<a href=\"https:\/\/2.bp.blogspot.com\/-ZlRuI-27I4Q\/V6KmzM24y9I\/AAAAAAAADrY\/cjsrLgyjgyUzyWicY_lKN-vCjhChFnW4wCLcB\/s1600\/campanha-salarial-2016.jpg\" imageanchor=\"1\" style=\"margin-left: 1em; margin-right: 1em;\"><img loading=\"lazy\" decoding=\"async\" border=\"0\" height=\"195\" src=\"http:\/\/blogdoedvaldomagalhaes.com.br\/wp-content\/uploads\/2016\/08\/campanha-salarial-2016.jpg\" width=\"320\" \/><\/a><\/div>\n<div id=\"resize\" style=\"font-size: 15px; text-align: justify;\">\n<div style=\"text-align: justify;\">\nCome\u00e7a<br \/>\n nesta quinta-feira (04), em Fortaleza, Cear\u00e1, o encontro nacional dos<br \/>\nbanc\u00e1rios para discutir a campanha salarial 2016. Entre as<br \/>\nreivindica\u00e7\u00f5es, reajuste e valoriza\u00e7\u00e3o do piso salarial, defesa do<br \/>\nemprego e mobiliza\u00e7\u00e3o contra perda de direitos. Em Pernambuco, a pauta<br \/>\nfoi discutida em v\u00e1rias assembleias.<\/div>\n<div style=\"text-align: justify;\">\n&nbsp;<\/div>\n<div style=\"text-align: justify;\">\nEm entrevista \u00e0 R\u00e1dio Liberdade, o<br \/>\npresidente do Sindicato dos Banc\u00e1rios de Caruaru, Assis Lemos, que<br \/>\nparticipar\u00e1 do encontro, citou outros pontos de reivindica\u00e7\u00f5es da<br \/>\ncategoria. Ele tamb\u00e9m afirmou que, caso n\u00e3o haja acordo, os banc\u00e1rios<br \/>\npoder\u00e3o realizar paralisa\u00e7\u00e3o nacional.<\/div>\n<div style=\"text-align: justify;\">\n&nbsp;<\/div>\n<div style=\"text-align: justify;\">\nO encontro nacional em Fortaleza segue<br \/>\nat\u00e9 esta sexta-feira (05). A pauta de reivindica\u00e7\u00f5es ser\u00e1 entregue aos<br \/>\nbancos no dia 9 de agosto.<\/div>\n<\/div>\n","protected":false},"excerpt":{"rendered":"<p>Come\u00e7a nesta quinta-feira (04), em Fortaleza, Cear\u00e1, o encontro nacional dos banc\u00e1rios para discutir a campanha salarial 2016. Entre as&hellip;<\/p>\n","protected":false},"author":1,"featured_media":0,"comment_status":"open","ping_status":"open","sticky":false,"template":"","format":"standard","meta":{"footnotes":""},"categories":[1],"tags":[13088],"class_list":["post-8749","post","type-post","status-publish","format-standard","hentry","category-sem-categoria","tag-bancarios-definem-campanha-salarial-2016-em-encontro-nacional-no-ceara"],"_links":{"self":[{"href":"https:\/\/blogdoedvaldomagalhaes.com.br\/index.php\/wp-json\/wp\/v2\/posts\/8749","targetHints":{"allow":["GET"]}}],"collection":[{"href":"https:\/\/blogdoedvaldomagalhaes.com.br\/index.php\/wp-json\/wp\/v2\/posts"}],"about":[{"href":"https:\/\/blogdoedvaldomagalhaes.com.br\/index.php\/wp-json\/wp\/v2\/types\/post"}],"author":[{"embeddable":true,"href":"https:\/\/blogdoedvaldomagalhaes.com.br\/index.php\/wp-json\/wp\/v2\/users\/1"}],"replies":[{"embeddable":true,"href":"https:\/\/blogdoedvaldomagalhaes.com.br\/index.php\/wp-json\/wp\/v2\/comments?post=8749"}],"version-history":[{"count":1,"href":"https:\/\/blogdoedvaldomagalhaes.com.br\/index.php\/wp-json\/wp\/v2\/posts\/8749\/revisions"}],"predecessor-version":[{"id":10997,"href":"https:\/\/blogdoedvaldomagalhaes.com.br\/index.php\/wp-json\/wp\/v2\/posts\/8749\/revisions\/10997"}],"wp:attachment":[{"href":"https:\/\/blogdoedvaldomagalhaes.com.br\/index.php\/wp-json\/wp\/v2\/media?parent=8749"}],"wp:term":[{"taxonomy":"category","embeddable":true,"href":"https:\/\/blogdoedvaldomagalhaes.com.br\/index.php\/wp-json\/wp\/v2\/categories?post=8749"},{"taxonomy":"post_tag","embeddable":true,"href":"https:\/\/blogdoedvaldomagalhaes.com.br\/index.php\/wp-json\/wp\/v2\/tags?post=8749"}],"curies":[{"name":"wp","href":"https:\/\/api.w.org\/{rel}","templated":true}]}}