{"id":87438,"date":"2022-09-11T22:48:45","date_gmt":"2022-09-12T01:48:45","guid":{"rendered":"https:\/\/blogdoedvaldomagalhaes.com.br\/?p=87438"},"modified":"2022-09-11T23:14:15","modified_gmt":"2022-09-12T02:14:15","slug":"vereador-irmao-ronaldo-participa-da-marcha-para-jesus-em-toritama","status":"publish","type":"post","link":"https:\/\/blogdoedvaldomagalhaes.com.br\/index.php\/2022\/09\/11\/vereador-irmao-ronaldo-participa-da-marcha-para-jesus-em-toritama\/","title":{"rendered":"Vereador Irm\u00e3o Ronaldo participa da Marcha para Jesus em Toritama"},"content":{"rendered":"<p style=\"text-align: justify;\">Nesse s\u00e1bado (10), o vereador Irm\u00e3o Ronaldo prestigiou a Marcha para Jesus, na cidade de Toritama, no Agreste de Pernambuco. O parlamentar esteve ao lado da fam\u00edlia: a esposa e Mission\u00e1ria Edjane Santana, os filhos e irm\u00e3os; al\u00e9m da banda YMB e uma caravana da Igreja Plenitude da Gra\u00e7a de Caruaru.<\/p>\n\n\n<figure class=\"wp-block-image size-large is-resized\"><img loading=\"lazy\" decoding=\"async\" src=\"https:\/\/blogdoedvaldomagalhaes.com.br\/wp-content\/uploads\/2022\/09\/IMG-20220910-WA0491-1024x768.jpg\" alt=\"\" class=\"wp-image-87443\" width=\"337\" height=\"253\" srcset=\"https:\/\/blogdoedvaldomagalhaes.com.br\/wp-content\/uploads\/2022\/09\/IMG-20220910-WA0491-1024x768.jpg 1024w, https:\/\/blogdoedvaldomagalhaes.com.br\/wp-content\/uploads\/2022\/09\/IMG-20220910-WA0491-300x225.jpg 300w, https:\/\/blogdoedvaldomagalhaes.com.br\/wp-content\/uploads\/2022\/09\/IMG-20220910-WA0491-768x576.jpg 768w, https:\/\/blogdoedvaldomagalhaes.com.br\/wp-content\/uploads\/2022\/09\/IMG-20220910-WA0491-1536x1152.jpg 1536w, https:\/\/blogdoedvaldomagalhaes.com.br\/wp-content\/uploads\/2022\/09\/IMG-20220910-WA0491-160x120.jpg 160w, https:\/\/blogdoedvaldomagalhaes.com.br\/wp-content\/uploads\/2022\/09\/IMG-20220910-WA0491.jpg 1600w\" sizes=\"auto, (max-width: 337px) 100vw, 337px\" \/><\/figure>\n\n\n<p style=\"text-align: justify;\">\u201cFoi uma manifesta\u00e7\u00e3o cultural e pac\u00edfica a qual al\u00e9m de contar com a participa\u00e7\u00e3o de todas as igrejas crist\u00e3s, foi aberta ao p\u00fablico em geral, gerando tamb\u00e9m economia e aquecendo o ramo tur\u00edstico da regi\u00e3o uma vez que muitas pessoas s\u00e3o das cidades vizinhas marcando presen\u00e7a neste evento\u201d, destacou o vereador Irm\u00e3o Ronaldo.<\/p>\n\n\n<figure class=\"wp-block-image size-large is-resized\"><img loading=\"lazy\" decoding=\"async\" src=\"https:\/\/blogdoedvaldomagalhaes.com.br\/wp-content\/uploads\/2022\/09\/IMG-20220910-WA0492-1024x576.jpg\" alt=\"\" class=\"wp-image-87446\" width=\"345\" height=\"194\" srcset=\"https:\/\/blogdoedvaldomagalhaes.com.br\/wp-content\/uploads\/2022\/09\/IMG-20220910-WA0492-1024x576.jpg 1024w, https:\/\/blogdoedvaldomagalhaes.com.br\/wp-content\/uploads\/2022\/09\/IMG-20220910-WA0492-300x169.jpg 300w, https:\/\/blogdoedvaldomagalhaes.com.br\/wp-content\/uploads\/2022\/09\/IMG-20220910-WA0492-768x432.jpg 768w, https:\/\/blogdoedvaldomagalhaes.com.br\/wp-content\/uploads\/2022\/09\/IMG-20220910-WA0492-1536x864.jpg 1536w, https:\/\/blogdoedvaldomagalhaes.com.br\/wp-content\/uploads\/2022\/09\/IMG-20220910-WA0492-1140x641.jpg 1140w, https:\/\/blogdoedvaldomagalhaes.com.br\/wp-content\/uploads\/2022\/09\/IMG-20220910-WA0492-720x405.jpg 720w, https:\/\/blogdoedvaldomagalhaes.com.br\/wp-content\/uploads\/2022\/09\/IMG-20220910-WA0492.jpg 1600w\" sizes=\"auto, (max-width: 345px) 100vw, 345px\" \/><\/figure>\n\n\n\n<figure class=\"wp-block-image size-large is-resized\"><img loading=\"lazy\" decoding=\"async\" src=\"https:\/\/blogdoedvaldomagalhaes.com.br\/wp-content\/uploads\/2022\/09\/IMG-20220910-WA0493-651x1024.jpg\" alt=\"\" class=\"wp-image-87449\" width=\"347\" height=\"546\" srcset=\"https:\/\/blogdoedvaldomagalhaes.com.br\/wp-content\/uploads\/2022\/09\/IMG-20220910-WA0493-651x1024.jpg 651w, https:\/\/blogdoedvaldomagalhaes.com.br\/wp-content\/uploads\/2022\/09\/IMG-20220910-WA0493-191x300.jpg 191w, https:\/\/blogdoedvaldomagalhaes.com.br\/wp-content\/uploads\/2022\/09\/IMG-20220910-WA0493.jpg 750w\" sizes=\"auto, (max-width: 347px) 100vw, 347px\" \/><\/figure>\n\n\n\n<figure class=\"wp-block-image size-large is-resized\"><img loading=\"lazy\" decoding=\"async\" src=\"https:\/\/blogdoedvaldomagalhaes.com.br\/wp-content\/uploads\/2022\/09\/IMG-20220910-WA0494-722x1024.jpg\" alt=\"\" class=\"wp-image-87450\" width=\"351\" height=\"497\" srcset=\"https:\/\/blogdoedvaldomagalhaes.com.br\/wp-content\/uploads\/2022\/09\/IMG-20220910-WA0494-722x1024.jpg 722w, https:\/\/blogdoedvaldomagalhaes.com.br\/wp-content\/uploads\/2022\/09\/IMG-20220910-WA0494-212x300.jpg 212w, https:\/\/blogdoedvaldomagalhaes.com.br\/wp-content\/uploads\/2022\/09\/IMG-20220910-WA0494.jpg 750w\" sizes=\"auto, (max-width: 351px) 100vw, 351px\" \/><figcaption>Fotos: Divulga\u00e7\u00e3o <\/figcaption><\/figure>\n","protected":false},"excerpt":{"rendered":"<p>Nesse s\u00e1bado (10), o vereador Irm\u00e3o Ronaldo prestigiou a Marcha para Jesus, na cidade de Toritama, no Agreste de Pernambuco.&hellip;<\/p>\n","protected":false},"author":1,"featured_media":87439,"comment_status":"open","ping_status":"open","sticky":false,"template":"","format":"standard","meta":{"footnotes":""},"categories":[14122],"tags":[2,19532,3406,25531],"class_list":["post-87438","post","type-post","status-publish","format-standard","has-post-thumbnail","hentry","category-politica","tag-blog-do-edvaldo-magalhaes","tag-blog-mais-acessado-e-visualizado-de-caruaru-e-regiao","tag-caruaru","tag-vereador-irmao-ronaldo-participa-da-marcha-para-jesus-em-toritama"],"_links":{"self":[{"href":"https:\/\/blogdoedvaldomagalhaes.com.br\/index.php\/wp-json\/wp\/v2\/posts\/87438","targetHints":{"allow":["GET"]}}],"collection":[{"href":"https:\/\/blogdoedvaldomagalhaes.com.br\/index.php\/wp-json\/wp\/v2\/posts"}],"about":[{"href":"https:\/\/blogdoedvaldomagalhaes.com.br\/index.php\/wp-json\/wp\/v2\/types\/post"}],"author":[{"embeddable":true,"href":"https:\/\/blogdoedvaldomagalhaes.com.br\/index.php\/wp-json\/wp\/v2\/users\/1"}],"replies":[{"embeddable":true,"href":"https:\/\/blogdoedvaldomagalhaes.com.br\/index.php\/wp-json\/wp\/v2\/comments?post=87438"}],"version-history":[{"count":6,"href":"https:\/\/blogdoedvaldomagalhaes.com.br\/index.php\/wp-json\/wp\/v2\/posts\/87438\/revisions"}],"predecessor-version":[{"id":87452,"href":"https:\/\/blogdoedvaldomagalhaes.com.br\/index.php\/wp-json\/wp\/v2\/posts\/87438\/revisions\/87452"}],"wp:featuredmedia":[{"embeddable":true,"href":"https:\/\/blogdoedvaldomagalhaes.com.br\/index.php\/wp-json\/wp\/v2\/media\/87439"}],"wp:attachment":[{"href":"https:\/\/blogdoedvaldomagalhaes.com.br\/index.php\/wp-json\/wp\/v2\/media?parent=87438"}],"wp:term":[{"taxonomy":"category","embeddable":true,"href":"https:\/\/blogdoedvaldomagalhaes.com.br\/index.php\/wp-json\/wp\/v2\/categories?post=87438"},{"taxonomy":"post_tag","embeddable":true,"href":"https:\/\/blogdoedvaldomagalhaes.com.br\/index.php\/wp-json\/wp\/v2\/tags?post=87438"}],"curies":[{"name":"wp","href":"https:\/\/api.w.org\/{rel}","templated":true}]}}