{"id":87431,"date":"2022-09-11T20:51:56","date_gmt":"2022-09-11T23:51:56","guid":{"rendered":"https:\/\/blogdoedvaldomagalhaes.com.br\/?p=87431"},"modified":"2022-09-11T20:56:07","modified_gmt":"2022-09-11T23:56:07","slug":"dr-sidney-cumpre-intensa-agenda-de-campanha-no-agreste-pe","status":"publish","type":"post","link":"https:\/\/blogdoedvaldomagalhaes.com.br\/index.php\/2022\/09\/11\/dr-sidney-cumpre-intensa-agenda-de-campanha-no-agreste-pe\/","title":{"rendered":"Dr. Sidney cumpre intensa agenda de campanha no Agreste-PE"},"content":{"rendered":"<p style=\"text-align: justify;\">O m\u00e9dico Dr. Sidney Ribeiro que teve parte da sua hist\u00f3ria e a inf\u00e2ncia na cidade de Caruaru, onde tamb\u00e9m atua profissionalmente at\u00e9 hoje no hospital Mestre Vitalino, vem acompanhando uma agenda intensa na reta final da campanha. O candidato a Deputado Federal pelo PDT, tem encarado uma verdadeira maratona com sua agenda de compromissos na luta ao pleito eleitoral. Desde que se colocou no cen\u00e1rio como candidato tem executado as metas do planejamento de sua campanha e honrado os v\u00e1rios compromissos assumidos, entre eles, sabatinas, palestras, reuni\u00f5es, visitas \u00e0s comunidades, cidades da regi\u00e3o agreste, feiras livres e o movimento porta a porta no bairros do munic\u00edpio de Bezerros, onde ele reside atualmente e atua como M\u00e9dico Gestor do hospital Jesus Pequenino. E nessa correria fren\u00e9tica entre tantos compromissos, Dr. Sidney n\u00e3o mostra cansa\u00e7o, mas uma imensa vontade de alcan\u00e7ar o maior n\u00famero de pessoas poss\u00edveis, levando a elas as suas propostas e o conhecimento sobre as suas a\u00e7\u00f5es j\u00e1 executadas a frente do Instituto Esperan\u00e7a e da Caravana da Sa\u00fade. Nessa \u00faltima semana ele participou de sabatinas nas r\u00e1dios Agreste FM (Cupira), R\u00e1dio Cidade (Caruaru), Esteve na caminhada com o Candidato a governador Danilo Cabral kem Caruaru, al\u00e9m das visitas di\u00e1rias nos bairros, distritos e comunidades bezerrenses.<\/p>\n\n\n<figure class=\"wp-block-image size-large\"><img loading=\"lazy\" decoding=\"async\" width=\"1024\" height=\"1024\" src=\"https:\/\/blogdoedvaldomagalhaes.com.br\/wp-content\/uploads\/2022\/09\/IMG-20220911-WA0462-1024x1024.jpg\" alt=\"\" class=\"wp-image-87436\" srcset=\"https:\/\/blogdoedvaldomagalhaes.com.br\/wp-content\/uploads\/2022\/09\/IMG-20220911-WA0462-1024x1024.jpg 1024w, https:\/\/blogdoedvaldomagalhaes.com.br\/wp-content\/uploads\/2022\/09\/IMG-20220911-WA0462-300x300.jpg 300w, https:\/\/blogdoedvaldomagalhaes.com.br\/wp-content\/uploads\/2022\/09\/IMG-20220911-WA0462-150x150.jpg 150w, https:\/\/blogdoedvaldomagalhaes.com.br\/wp-content\/uploads\/2022\/09\/IMG-20220911-WA0462-768x768.jpg 768w, https:\/\/blogdoedvaldomagalhaes.com.br\/wp-content\/uploads\/2022\/09\/IMG-20220911-WA0462.jpg 1080w\" sizes=\"auto, (max-width: 1024px) 100vw, 1024px\" \/><\/figure>\n","protected":false},"excerpt":{"rendered":"<p>O m\u00e9dico Dr. Sidney Ribeiro que teve parte da sua hist\u00f3ria e a inf\u00e2ncia na cidade de Caruaru, onde tamb\u00e9m&hellip;<\/p>\n","protected":false},"author":1,"featured_media":87434,"comment_status":"open","ping_status":"open","sticky":false,"template":"","format":"standard","meta":{"footnotes":""},"categories":[14122],"tags":[2,19532,3406,25530,23065,20],"class_list":["post-87431","post","type-post","status-publish","format-standard","has-post-thumbnail","hentry","category-politica","tag-blog-do-edvaldo-magalhaes","tag-blog-mais-acessado-e-visualizado-de-caruaru-e-regiao","tag-caruaru","tag-dr-sidney-cumpre-intensa-agenda-de-campanha-no-agreste-pe","tag-eleicao","tag-politica"],"_links":{"self":[{"href":"https:\/\/blogdoedvaldomagalhaes.com.br\/index.php\/wp-json\/wp\/v2\/posts\/87431","targetHints":{"allow":["GET"]}}],"collection":[{"href":"https:\/\/blogdoedvaldomagalhaes.com.br\/index.php\/wp-json\/wp\/v2\/posts"}],"about":[{"href":"https:\/\/blogdoedvaldomagalhaes.com.br\/index.php\/wp-json\/wp\/v2\/types\/post"}],"author":[{"embeddable":true,"href":"https:\/\/blogdoedvaldomagalhaes.com.br\/index.php\/wp-json\/wp\/v2\/users\/1"}],"replies":[{"embeddable":true,"href":"https:\/\/blogdoedvaldomagalhaes.com.br\/index.php\/wp-json\/wp\/v2\/comments?post=87431"}],"version-history":[{"count":2,"href":"https:\/\/blogdoedvaldomagalhaes.com.br\/index.php\/wp-json\/wp\/v2\/posts\/87431\/revisions"}],"predecessor-version":[{"id":87437,"href":"https:\/\/blogdoedvaldomagalhaes.com.br\/index.php\/wp-json\/wp\/v2\/posts\/87431\/revisions\/87437"}],"wp:featuredmedia":[{"embeddable":true,"href":"https:\/\/blogdoedvaldomagalhaes.com.br\/index.php\/wp-json\/wp\/v2\/media\/87434"}],"wp:attachment":[{"href":"https:\/\/blogdoedvaldomagalhaes.com.br\/index.php\/wp-json\/wp\/v2\/media?parent=87431"}],"wp:term":[{"taxonomy":"category","embeddable":true,"href":"https:\/\/blogdoedvaldomagalhaes.com.br\/index.php\/wp-json\/wp\/v2\/categories?post=87431"},{"taxonomy":"post_tag","embeddable":true,"href":"https:\/\/blogdoedvaldomagalhaes.com.br\/index.php\/wp-json\/wp\/v2\/tags?post=87431"}],"curies":[{"name":"wp","href":"https:\/\/api.w.org\/{rel}","templated":true}]}}