{"id":87416,"date":"2022-09-11T15:13:13","date_gmt":"2022-09-11T18:13:13","guid":{"rendered":"https:\/\/blogdoedvaldomagalhaes.com.br\/?p=87416"},"modified":"2022-09-11T15:17:46","modified_gmt":"2022-09-11T18:17:46","slug":"anderson-correia-inaugura-comite-ao-lado-de-kaio-manicoba-em-caruaru","status":"publish","type":"post","link":"https:\/\/blogdoedvaldomagalhaes.com.br\/index.php\/2022\/09\/11\/anderson-correia-inaugura-comite-ao-lado-de-kaio-manicoba-em-caruaru\/","title":{"rendered":"Anderson Correia inaugura comit\u00ea ao lado de Kaio Mani\u00e7oba, em Caruaru"},"content":{"rendered":"<p style=\"text-align: justify;\"><span style=\"color: initial; font-size: revert;\">O candidato a deputado federal Anderson Correia (PP) inaugurou, na manh\u00e3 deste domingo (11), o comit\u00ea ao lado do candidato a deputado estadual Kaio Mani\u00e7oba (PP), com quem faz dobradinha nesta campanha. Estiveram presentes representantes de ONGs protetoras de animais de Cabo de Santo Agostinho (RMR), Cupira e Cachoeirinha (no Agreste), lideran\u00e7as pol\u00edticas, protetores de animais, apoiadores, popula\u00e7\u00e3o em geral e a imprensa local. O comit\u00ea fica na Rua Esdras de Farias, n\u00b0 583, no bairro do Salgado \u2013 pr\u00f3ximo ao Bonanza Supermercados.<\/span><\/p>\n<p style=\"text-align: justify;\">Na ocasi\u00e3o, Anderson ressaltou que o dia de hoje \u00e9 um marco para a campanha dele e de Kaio para o legislativo federal e estadual, respectivamente. &#8220;Kaio casa comigo aqui na cidade de Caruaru, na luta em defesa dos animais. Ele vai me ajudar muito na Alepe, representando o povo e em defesa dos animais. Junto com ele, vamos mudar muita coisa aqui em Caruaru e em Pernambuco. Tenho certeza que n\u00e3o teria um parceiro melhor, pois Kaio acompanha a minha luta e se sensibiliza com ela&#8221;, destaca o Defensor dos Animais.<\/p>\n<p style=\"text-align: justify;\">Em seu discurso, Kaio enfatizou o trabalho realizado pelo vereador de Caruaru em defesa dos animais. \u201cAnderson \u00e9 aquele que mais tem feito pela causa animal e tem sido um trabalho lindo. Ajudava as pessoas muito antes de ser pol\u00edtico. \u00c9 uma causa dif\u00edcil e poucos se interessam por ela. Quem ama a causa animal precisa votar em Anderson para mudar as leis e ver a situa\u00e7\u00e3o evoluir, nesse sentido. Precisamos dar suporte a quem cuida dos animais, oferecendo sa\u00fade de qualidade e de forma gratuita para os animais&#8221;, disse.<\/p>\n\n\n<figure class=\"wp-block-image size-large is-resized\"><img loading=\"lazy\" decoding=\"async\" src=\"https:\/\/blogdoedvaldomagalhaes.com.br\/wp-content\/uploads\/2022\/09\/IMG-20220911-WA0106-1024x768.jpg\" alt=\"\" class=\"wp-image-87419\" width=\"344\" height=\"258\" srcset=\"https:\/\/blogdoedvaldomagalhaes.com.br\/wp-content\/uploads\/2022\/09\/IMG-20220911-WA0106-1024x768.jpg 1024w, https:\/\/blogdoedvaldomagalhaes.com.br\/wp-content\/uploads\/2022\/09\/IMG-20220911-WA0106-300x225.jpg 300w, https:\/\/blogdoedvaldomagalhaes.com.br\/wp-content\/uploads\/2022\/09\/IMG-20220911-WA0106-768x576.jpg 768w, https:\/\/blogdoedvaldomagalhaes.com.br\/wp-content\/uploads\/2022\/09\/IMG-20220911-WA0106-1536x1152.jpg 1536w, https:\/\/blogdoedvaldomagalhaes.com.br\/wp-content\/uploads\/2022\/09\/IMG-20220911-WA0106-160x120.jpg 160w, https:\/\/blogdoedvaldomagalhaes.com.br\/wp-content\/uploads\/2022\/09\/IMG-20220911-WA0106.jpg 1600w\" sizes=\"auto, (max-width: 344px) 100vw, 344px\" \/><figcaption>Fotos: Divulga\u00e7\u00e3o <\/figcaption><\/figure>\n","protected":false},"excerpt":{"rendered":"<p>O candidato a deputado federal Anderson Correia (PP) inaugurou, na manh\u00e3 deste domingo (11), o comit\u00ea ao lado do candidato&hellip;<\/p>\n","protected":false},"author":1,"featured_media":87417,"comment_status":"open","ping_status":"open","sticky":false,"template":"","format":"standard","meta":{"footnotes":""},"categories":[14122],"tags":[25528,2,19532,3406,23065,20],"class_list":["post-87416","post","type-post","status-publish","format-standard","has-post-thumbnail","hentry","category-politica","tag-anderson-correia-inaugura-comite-ao-lado-de-kaio-manicoba-em-caruaru","tag-blog-do-edvaldo-magalhaes","tag-blog-mais-acessado-e-visualizado-de-caruaru-e-regiao","tag-caruaru","tag-eleicao","tag-politica"],"_links":{"self":[{"href":"https:\/\/blogdoedvaldomagalhaes.com.br\/index.php\/wp-json\/wp\/v2\/posts\/87416","targetHints":{"allow":["GET"]}}],"collection":[{"href":"https:\/\/blogdoedvaldomagalhaes.com.br\/index.php\/wp-json\/wp\/v2\/posts"}],"about":[{"href":"https:\/\/blogdoedvaldomagalhaes.com.br\/index.php\/wp-json\/wp\/v2\/types\/post"}],"author":[{"embeddable":true,"href":"https:\/\/blogdoedvaldomagalhaes.com.br\/index.php\/wp-json\/wp\/v2\/users\/1"}],"replies":[{"embeddable":true,"href":"https:\/\/blogdoedvaldomagalhaes.com.br\/index.php\/wp-json\/wp\/v2\/comments?post=87416"}],"version-history":[{"count":3,"href":"https:\/\/blogdoedvaldomagalhaes.com.br\/index.php\/wp-json\/wp\/v2\/posts\/87416\/revisions"}],"predecessor-version":[{"id":87421,"href":"https:\/\/blogdoedvaldomagalhaes.com.br\/index.php\/wp-json\/wp\/v2\/posts\/87416\/revisions\/87421"}],"wp:featuredmedia":[{"embeddable":true,"href":"https:\/\/blogdoedvaldomagalhaes.com.br\/index.php\/wp-json\/wp\/v2\/media\/87417"}],"wp:attachment":[{"href":"https:\/\/blogdoedvaldomagalhaes.com.br\/index.php\/wp-json\/wp\/v2\/media?parent=87416"}],"wp:term":[{"taxonomy":"category","embeddable":true,"href":"https:\/\/blogdoedvaldomagalhaes.com.br\/index.php\/wp-json\/wp\/v2\/categories?post=87416"},{"taxonomy":"post_tag","embeddable":true,"href":"https:\/\/blogdoedvaldomagalhaes.com.br\/index.php\/wp-json\/wp\/v2\/tags?post=87416"}],"curies":[{"name":"wp","href":"https:\/\/api.w.org\/{rel}","templated":true}]}}