{"id":87413,"date":"2022-09-11T10:56:46","date_gmt":"2022-09-11T13:56:46","guid":{"rendered":"https:\/\/blogdoedvaldomagalhaes.com.br\/?p=87413"},"modified":"2022-09-11T10:56:50","modified_gmt":"2022-09-11T13:56:50","slug":"tre-pe-atende-pedido-da-coligacao-pernambuco-com-forca-de-novo-e-suspende-pesquisa-para-governo-e-senado","status":"publish","type":"post","link":"https:\/\/blogdoedvaldomagalhaes.com.br\/index.php\/2022\/09\/11\/tre-pe-atende-pedido-da-coligacao-pernambuco-com-forca-de-novo-e-suspende-pesquisa-para-governo-e-senado\/","title":{"rendered":"TRE-PE atende pedido da Coliga\u00e7\u00e3o Pernambuco Com For\u00e7a de Novo e suspende pesquisa para governo e senado"},"content":{"rendered":"<p style=\"font-weight: 400; text-align: justify;\">A Coliga\u00e7\u00e3o Pernambuco Com For\u00e7a de Novo, da candidatura de Miguel Coelho e Alessandra Vieira, conseguiu uma liminar proibindo a veicula\u00e7\u00e3o de uma pesquisa eleitoral para governador e senador feita pela Potencial Consultoria e Pesquisas Ltda. A decis\u00e3o do Tribunal Regional Eleitoral (TRE) de Pernambuco acatou o pedido da Coliga\u00e7\u00e3o dos partidos Uni\u00e3o Brasil, Podemos, PSC e Patriotas, que alegou diversos v\u00edcios na pesquisa, como a diverg\u00eancia entre o plano amostral e o question\u00e1rio aplicado, a aus\u00eancia de pondera\u00e7\u00e3o quanto ao n\u00edvel econ\u00f4mico dos entrevistados e a detec\u00e7\u00e3o de induzimento do eleitor.<\/p>\n<p style=\"font-weight: 400; text-align: justify;\">\u201cA partir da impugna\u00e7\u00e3o, buscamos atuar em defesa da prote\u00e7\u00e3o do eleitor entrevistado, para que o retrato estat\u00edstico n\u00e3o destoasse da realidade, protegendo, com isso, o pr\u00f3prio pleito\u201d, confirma o advogado Diniz Cavalcanti, um dos coordenadores da Coliga\u00e7\u00e3o.<\/p>\n<p style=\"font-weight: 400; text-align: justify;\">\u00a0Al\u00e9m do Tribunal Regional aceitar as argumenta\u00e7\u00f5es feitas pelo jur\u00eddico da Coliga\u00e7\u00e3o, tamb\u00e9m proibiu a publica\u00e7\u00e3o da referida pesquisa, sob pena de aplica\u00e7\u00e3o de multa di\u00e1ria em caso de desobedi\u00eancia \u00e0 ordem judicial.<\/p>\n<p style=\"font-weight: 400; text-align: justify;\">\u201cAs pesquisas eleitorais, especialmente na reta final de uma campanha, podem influenciar o chamado \u201cvoto \u00fatil\u201d. Por essa raz\u00e3o mostra-se imprescind\u00edvel o papel a Justi\u00e7a Eleitoral no controle do respeito \u00e0s regras estabelecidas na legisla\u00e7\u00e3o quanto \u00e0s pesquisas, a fim de evitar que levantamento irregulares possam influenciar de forma indevida o eleitorado\u201d, explica o advogado Paulo Pinto, um dos coordenadores jur\u00eddicos da campanha de Miguel Coelho e Alessandra Vieira ao Governo do Estado.<\/p>\n<p>Foot: Reprodu\u00e7\u00e3o\/Internet.<\/p>\n","protected":false},"excerpt":{"rendered":"<p>A Coliga\u00e7\u00e3o Pernambuco Com For\u00e7a de Novo, da candidatura de Miguel Coelho e Alessandra Vieira, conseguiu uma liminar proibindo a&hellip;<\/p>\n","protected":false},"author":1,"featured_media":87414,"comment_status":"open","ping_status":"open","sticky":false,"template":"","format":"standard","meta":{"footnotes":""},"categories":[14122],"tags":[2,19532,3406,23065,25527],"class_list":["post-87413","post","type-post","status-publish","format-standard","has-post-thumbnail","hentry","category-politica","tag-blog-do-edvaldo-magalhaes","tag-blog-mais-acessado-e-visualizado-de-caruaru-e-regiao","tag-caruaru","tag-eleicao","tag-tre-pe-atende-pedido-da-coligacao-pernambuco-com-forca-de-novo-e-suspende-pesquisa-para-governo-e-senado"],"_links":{"self":[{"href":"https:\/\/blogdoedvaldomagalhaes.com.br\/index.php\/wp-json\/wp\/v2\/posts\/87413","targetHints":{"allow":["GET"]}}],"collection":[{"href":"https:\/\/blogdoedvaldomagalhaes.com.br\/index.php\/wp-json\/wp\/v2\/posts"}],"about":[{"href":"https:\/\/blogdoedvaldomagalhaes.com.br\/index.php\/wp-json\/wp\/v2\/types\/post"}],"author":[{"embeddable":true,"href":"https:\/\/blogdoedvaldomagalhaes.com.br\/index.php\/wp-json\/wp\/v2\/users\/1"}],"replies":[{"embeddable":true,"href":"https:\/\/blogdoedvaldomagalhaes.com.br\/index.php\/wp-json\/wp\/v2\/comments?post=87413"}],"version-history":[{"count":1,"href":"https:\/\/blogdoedvaldomagalhaes.com.br\/index.php\/wp-json\/wp\/v2\/posts\/87413\/revisions"}],"predecessor-version":[{"id":87415,"href":"https:\/\/blogdoedvaldomagalhaes.com.br\/index.php\/wp-json\/wp\/v2\/posts\/87413\/revisions\/87415"}],"wp:featuredmedia":[{"embeddable":true,"href":"https:\/\/blogdoedvaldomagalhaes.com.br\/index.php\/wp-json\/wp\/v2\/media\/87414"}],"wp:attachment":[{"href":"https:\/\/blogdoedvaldomagalhaes.com.br\/index.php\/wp-json\/wp\/v2\/media?parent=87413"}],"wp:term":[{"taxonomy":"category","embeddable":true,"href":"https:\/\/blogdoedvaldomagalhaes.com.br\/index.php\/wp-json\/wp\/v2\/categories?post=87413"},{"taxonomy":"post_tag","embeddable":true,"href":"https:\/\/blogdoedvaldomagalhaes.com.br\/index.php\/wp-json\/wp\/v2\/tags?post=87413"}],"curies":[{"name":"wp","href":"https:\/\/api.w.org\/{rel}","templated":true}]}}