{"id":87402,"date":"2022-09-11T10:27:09","date_gmt":"2022-09-11T13:27:09","guid":{"rendered":"https:\/\/blogdoedvaldomagalhaes.com.br\/?p=87402"},"modified":"2022-09-11T10:33:35","modified_gmt":"2022-09-11T13:33:35","slug":"motorista-morre-apos-colisao-envolvendo-4-veiculos-na-br-232","status":"publish","type":"post","link":"https:\/\/blogdoedvaldomagalhaes.com.br\/index.php\/2022\/09\/11\/motorista-morre-apos-colisao-envolvendo-4-veiculos-na-br-232\/","title":{"rendered":"Motorista morre ap\u00f3s colis\u00e3o envolvendo 4 ve\u00edculos na BR 232"},"content":{"rendered":"<p style=\"text-align: justify;\">O sinistro ocorreu por volta das 21h15, no km 203,5 da BR 232, em Pesqueira.<\/p>\n<p style=\"text-align: justify;\">Foi uma colis\u00e3o envolvendo um Corsa, uma Hilux, um Gol e uma Sprinter.<\/p>\n<p style=\"text-align: justify;\">Pelos vest\u00edgios verificados no local, existe a suspeita de que o Corsa tenha invadido a contram\u00e3o e colidido frontalmente com a Hilux. Na sequ\u00eancia, o Gol colidiu na traseira do Corsa e a Sprinter tamb\u00e9m se envolveu na colis\u00e3o.<\/p>\n<p style=\"text-align: justify;\">O motorista do Corsa, de 41 anos, faleceu no local<\/p>\n<p style=\"text-align: justify;\">O motorista do Gol ficou ferido e foi encaminhado a um Hospital de Pesqueira.<\/p>\n<p style=\"text-align: justify;\">A motorista da Hilux n\u00e3o estava no local quando a viatura chegou.<\/p>\n<p style=\"text-align: justify;\">O motorista da Sprinter n\u00e3o ficou ferido. Ele realizou o teste do baf\u00f4metro e o resultado foi normal.<\/p>\n<p style=\"text-align: justify;\">Al\u00e9m da PRF, o IC, IML, PMPE, Corpo de Bombeiros e SAMU estiveram no local. A Pol\u00edcia Civil vai investigar o caso.<\/p>\n\n\n<figure class=\"wp-block-image size-large is-resized\"><img loading=\"lazy\" decoding=\"async\" src=\"https:\/\/blogdoedvaldomagalhaes.com.br\/wp-content\/uploads\/2022\/09\/IMG-20220911-WA0025-1024x534.jpg\" alt=\"\" class=\"wp-image-87405\" width=\"342\" height=\"178\" srcset=\"https:\/\/blogdoedvaldomagalhaes.com.br\/wp-content\/uploads\/2022\/09\/IMG-20220911-WA0025-1024x534.jpg 1024w, https:\/\/blogdoedvaldomagalhaes.com.br\/wp-content\/uploads\/2022\/09\/IMG-20220911-WA0025-300x157.jpg 300w, https:\/\/blogdoedvaldomagalhaes.com.br\/wp-content\/uploads\/2022\/09\/IMG-20220911-WA0025-768x401.jpg 768w, https:\/\/blogdoedvaldomagalhaes.com.br\/wp-content\/uploads\/2022\/09\/IMG-20220911-WA0025.jpg 1280w\" sizes=\"auto, (max-width: 342px) 100vw, 342px\" \/><\/figure>\n\n\n\n<figure class=\"wp-block-image size-large is-resized\"><img loading=\"lazy\" decoding=\"async\" src=\"https:\/\/blogdoedvaldomagalhaes.com.br\/wp-content\/uploads\/2022\/09\/IMG-20220911-WA0023-1024x674.jpg\" alt=\"\" class=\"wp-image-87407\" width=\"342\" height=\"225\" srcset=\"https:\/\/blogdoedvaldomagalhaes.com.br\/wp-content\/uploads\/2022\/09\/IMG-20220911-WA0023-1024x674.jpg 1024w, https:\/\/blogdoedvaldomagalhaes.com.br\/wp-content\/uploads\/2022\/09\/IMG-20220911-WA0023-300x197.jpg 300w, https:\/\/blogdoedvaldomagalhaes.com.br\/wp-content\/uploads\/2022\/09\/IMG-20220911-WA0023-768x505.jpg 768w, https:\/\/blogdoedvaldomagalhaes.com.br\/wp-content\/uploads\/2022\/09\/IMG-20220911-WA0023.jpg 1280w\" sizes=\"auto, (max-width: 342px) 100vw, 342px\" \/><\/figure>\n\n\n\n<figure class=\"wp-block-image size-large\"><img loading=\"lazy\" decoding=\"async\" width=\"959\" height=\"1024\" src=\"https:\/\/blogdoedvaldomagalhaes.com.br\/wp-content\/uploads\/2022\/09\/IMG-20220911-WA0026-959x1024.jpg\" alt=\"\" class=\"wp-image-87410\" srcset=\"https:\/\/blogdoedvaldomagalhaes.com.br\/wp-content\/uploads\/2022\/09\/IMG-20220911-WA0026-959x1024.jpg 959w, https:\/\/blogdoedvaldomagalhaes.com.br\/wp-content\/uploads\/2022\/09\/IMG-20220911-WA0026-281x300.jpg 281w, https:\/\/blogdoedvaldomagalhaes.com.br\/wp-content\/uploads\/2022\/09\/IMG-20220911-WA0026-768x820.jpg 768w, https:\/\/blogdoedvaldomagalhaes.com.br\/wp-content\/uploads\/2022\/09\/IMG-20220911-WA0026.jpg 1199w\" sizes=\"auto, (max-width: 959px) 100vw, 959px\" \/><figcaption>Fotos: Divulga\u00e7\u00e3o\/PRF<\/figcaption><\/figure>\n","protected":false},"excerpt":{"rendered":"<p>O sinistro ocorreu por volta das 21h15, no km 203,5 da BR 232, em Pesqueira. Foi uma colis\u00e3o envolvendo um&hellip;<\/p>\n","protected":false},"author":1,"featured_media":87404,"comment_status":"open","ping_status":"open","sticky":false,"template":"","format":"standard","meta":{"footnotes":""},"categories":[14120],"tags":[14276,2,19532,3406,25526],"class_list":["post-87402","post","type-post","status-publish","format-standard","has-post-thumbnail","hentry","category-noticias","tag-acidente","tag-blog-do-edvaldo-magalhaes","tag-blog-mais-acessado-e-visualizado-de-caruaru-e-regiao","tag-caruaru","tag-motorista-morre-apos-colisao-envolvendo-4-veiculos-na-br-232"],"_links":{"self":[{"href":"https:\/\/blogdoedvaldomagalhaes.com.br\/index.php\/wp-json\/wp\/v2\/posts\/87402","targetHints":{"allow":["GET"]}}],"collection":[{"href":"https:\/\/blogdoedvaldomagalhaes.com.br\/index.php\/wp-json\/wp\/v2\/posts"}],"about":[{"href":"https:\/\/blogdoedvaldomagalhaes.com.br\/index.php\/wp-json\/wp\/v2\/types\/post"}],"author":[{"embeddable":true,"href":"https:\/\/blogdoedvaldomagalhaes.com.br\/index.php\/wp-json\/wp\/v2\/users\/1"}],"replies":[{"embeddable":true,"href":"https:\/\/blogdoedvaldomagalhaes.com.br\/index.php\/wp-json\/wp\/v2\/comments?post=87402"}],"version-history":[{"count":4,"href":"https:\/\/blogdoedvaldomagalhaes.com.br\/index.php\/wp-json\/wp\/v2\/posts\/87402\/revisions"}],"predecessor-version":[{"id":87412,"href":"https:\/\/blogdoedvaldomagalhaes.com.br\/index.php\/wp-json\/wp\/v2\/posts\/87402\/revisions\/87412"}],"wp:featuredmedia":[{"embeddable":true,"href":"https:\/\/blogdoedvaldomagalhaes.com.br\/index.php\/wp-json\/wp\/v2\/media\/87404"}],"wp:attachment":[{"href":"https:\/\/blogdoedvaldomagalhaes.com.br\/index.php\/wp-json\/wp\/v2\/media?parent=87402"}],"wp:term":[{"taxonomy":"category","embeddable":true,"href":"https:\/\/blogdoedvaldomagalhaes.com.br\/index.php\/wp-json\/wp\/v2\/categories?post=87402"},{"taxonomy":"post_tag","embeddable":true,"href":"https:\/\/blogdoedvaldomagalhaes.com.br\/index.php\/wp-json\/wp\/v2\/tags?post=87402"}],"curies":[{"name":"wp","href":"https:\/\/api.w.org\/{rel}","templated":true}]}}