{"id":874,"date":"2018-10-28T10:07:00","date_gmt":"2018-10-28T12:07:00","guid":{"rendered":"http:\/\/blogdoedvaldomagalhaes.com.br\/index.php\/2018\/10\/28\/confusao-na-rua-da-ma-fama-em-caruaru\/"},"modified":"2019-02-09T02:37:19","modified_gmt":"2019-02-09T04:37:19","slug":"confusao-na-rua-da-ma-fama-em-caruaru","status":"publish","type":"post","link":"https:\/\/blogdoedvaldomagalhaes.com.br\/index.php\/2018\/10\/28\/confusao-na-rua-da-ma-fama-em-caruaru\/","title":{"rendered":"Confus\u00e3o na Rua da M\u00e1 Fama em Caruaru termina com um morto e quatro baleados"},"content":{"rendered":"<div class=\"separator\" style=\"clear: both; text-align: center;\">\n<a href=\"https:\/\/4.bp.blogspot.com\/-lagzcCphCxw\/W9WKFoiR9dI\/AAAAAAAA8jA\/agfkV9OMHZ8dbxCJiP_A0jeQ3E16JfNoACLcBGAs\/s1600\/homcidio%2B1.jpg\" imageanchor=\"1\" style=\"margin-left: 1em; margin-right: 1em;\"><img loading=\"lazy\" decoding=\"async\" border=\"0\" data-original-height=\"540\" data-original-width=\"960\" height=\"360\" src=\"http:\/\/blogdoedvaldomagalhaes.com.br\/wp-content\/uploads\/2018\/10\/homcidio1.jpg\" width=\"640\" \/><\/a><\/div>\n<div style=\"background-color: white; box-sizing: border-box; line-height: 24px; margin-bottom: 10px; text-align: justify;\">\n<\/div>\n<div style=\"background-color: white; box-sizing: border-box; line-height: 24px; margin-bottom: 10px; text-align: justify;\">\nSegundo informa\u00e7\u00f5es da pol\u00edcia, a confus\u00e3o come\u00e7ou nas proximidades do Col\u00e9gio Vicente Monteiro, na madrugada deste domingo (28), e terminou na rua Silvino Macedo, conhecida Rua da M\u00e1 Fama, em Caruaru, tendo uma pessoa morta e outras quatro baleadas. O dan\u00e7arino e gar\u00e7on, Renan Silva de Melo, 25 anos, residente na rua Jos\u00e9 de Arruda, em Bezerros, que n\u00e3o participou da confus\u00e3o foi baleado e morreu na rua Padre F\u00e9lix Barreto.&nbsp;<\/p>\n<p>Quatros adolescentes de 13, 16 e 17 anos foram socorridos para o Hospital Regional do Agreste (HRA). Ainda de acordo com a pol\u00edcia, que atirou estavam encapuzado em um ve\u00edculo de cor prata, e foram pegas imagens de c\u00e2meras de monitoramento da rua F\u00e9lix Barreto, para poss\u00edvel identifica\u00e7\u00e3o do acusado.<\/p><\/div>\n<div style=\"background-color: white; box-sizing: border-box; line-height: 24px; margin-bottom: 10px; text-align: justify;\">\n<\/div>\n<div class=\"separator\" style=\"clear: both; text-align: center;\">\n<a href=\"https:\/\/1.bp.blogspot.com\/-xsxISuEUXVE\/W9WKKjxSUZI\/AAAAAAAA8jE\/rdr6UkHkDjwir64VcgUqn51nvKpjxa5DgCLcBGAs\/s1600\/homcidio.jpg\" imageanchor=\"1\" style=\"margin-left: 1em; margin-right: 1em;\"><img loading=\"lazy\" decoding=\"async\" border=\"0\" data-original-height=\"540\" data-original-width=\"960\" height=\"360\" src=\"http:\/\/blogdoedvaldomagalhaes.com.br\/wp-content\/uploads\/2018\/10\/homcidio.jpg\" width=\"640\" \/><\/a><\/div>\n<div style=\"background-color: white; box-sizing: border-box; line-height: 24px; margin-bottom: 10px; text-align: justify;\">\n<\/div>\n<div style=\"background-color: white; box-sizing: border-box; line-height: 24px; margin-bottom: 10px; text-align: justify;\">\nAinda n\u00e3o h\u00e1 informa\u00e7\u00f5es sobre o que causou a briga. A Pol\u00edcia Civil investiga o caso, que ocorreu por volta das 3h. O corpo do jovem foi encaminhado para o Instituto de Medicina Legal (IML).<\/div>\n<div style=\"background-color: white; box-sizing: border-box; line-height: 24px; margin-bottom: 10px; text-align: justify;\">\n<\/div>\n<div class=\"separator\" style=\"clear: both; text-align: center;\">\n<a href=\"https:\/\/2.bp.blogspot.com\/-r7qW2QKcUmQ\/W9WKPkNrezI\/AAAAAAAA8jI\/VqmU0JgzQfUH9CBVN22s9xdLx3zOuWQVQCLcBGAs\/s1600\/pm.jpg\" imageanchor=\"1\" style=\"margin-left: 1em; margin-right: 1em;\"><img loading=\"lazy\" decoding=\"async\" border=\"0\" data-original-height=\"394\" data-original-width=\"960\" height=\"262\" src=\"http:\/\/blogdoedvaldomagalhaes.com.br\/wp-content\/uploads\/2018\/10\/pm-3.jpg\" width=\"640\" \/><\/a><\/div>\n<div style=\"background-color: white; box-sizing: border-box; line-height: 24px; margin-bottom: 10px; text-align: justify;\">\n<\/div>\n<div style=\"background-color: white; box-sizing: border-box; line-height: 24px; margin-bottom: 10px; text-align: justify;\">\nEste foi o 10\u00ba homic\u00eddio do m\u00eas de outubro em Caruaru, elevando para 140 o n\u00famero de pessoas assassinadas este ano no munic\u00edpio.<\/p>\n<p><\/p>\n<div class=\"separator\" style=\"clear: both; text-align: center;\">\n<a href=\"https:\/\/1.bp.blogspot.com\/-sT3rZvWVuaQ\/W9WbDvOTavI\/AAAAAAAA8jc\/8d_wUz6fWUkv6eYDZm6CKPr_z1Sp2C-bwCLcBGAs\/s1600\/IMG-20181028-WA0011.jpg\" imageanchor=\"1\" style=\"margin-left: 1em; margin-right: 1em;\"><img loading=\"lazy\" decoding=\"async\" border=\"0\" data-original-height=\"720\" data-original-width=\"720\" height=\"640\" src=\"http:\/\/blogdoedvaldomagalhaes.com.br\/wp-content\/uploads\/2018\/10\/IMG-20181028-WA0011.jpg\" width=\"640\" \/><\/a><\/div>\n<div class=\"separator\" style=\"clear: both; text-align: center;\">\nFoto da vitima Renan da Silva Melo<\/div>\n<p><\/div>\n<div style=\"background-color: white; box-sizing: border-box; line-height: 24px; margin-bottom: 10px; text-align: justify;\">\nFonte: R\u00e1dio Liberdade.<\/div>\n","protected":false},"excerpt":{"rendered":"<p>Segundo informa\u00e7\u00f5es da pol\u00edcia, a confus\u00e3o come\u00e7ou nas proximidades do Col\u00e9gio Vicente Monteiro, na madrugada deste domingo (28), e terminou&hellip;<\/p>\n","protected":false},"author":1,"featured_media":0,"comment_status":"open","ping_status":"open","sticky":false,"template":"","format":"standard","meta":{"footnotes":""},"categories":[1],"tags":[2,818,13],"class_list":["post-874","post","type-post","status-publish","format-standard","hentry","category-sem-categoria","tag-blog-do-edvaldo-magalhaes","tag-confusao-na-rua-da-ma-fama-em-caruaru-termina-com-um-morto-e-quatro-baleados","tag-policial"],"_links":{"self":[{"href":"https:\/\/blogdoedvaldomagalhaes.com.br\/index.php\/wp-json\/wp\/v2\/posts\/874","targetHints":{"allow":["GET"]}}],"collection":[{"href":"https:\/\/blogdoedvaldomagalhaes.com.br\/index.php\/wp-json\/wp\/v2\/posts"}],"about":[{"href":"https:\/\/blogdoedvaldomagalhaes.com.br\/index.php\/wp-json\/wp\/v2\/types\/post"}],"author":[{"embeddable":true,"href":"https:\/\/blogdoedvaldomagalhaes.com.br\/index.php\/wp-json\/wp\/v2\/users\/1"}],"replies":[{"embeddable":true,"href":"https:\/\/blogdoedvaldomagalhaes.com.br\/index.php\/wp-json\/wp\/v2\/comments?post=874"}],"version-history":[{"count":1,"href":"https:\/\/blogdoedvaldomagalhaes.com.br\/index.php\/wp-json\/wp\/v2\/posts\/874\/revisions"}],"predecessor-version":[{"id":35339,"href":"https:\/\/blogdoedvaldomagalhaes.com.br\/index.php\/wp-json\/wp\/v2\/posts\/874\/revisions\/35339"}],"wp:attachment":[{"href":"https:\/\/blogdoedvaldomagalhaes.com.br\/index.php\/wp-json\/wp\/v2\/media?parent=874"}],"wp:term":[{"taxonomy":"category","embeddable":true,"href":"https:\/\/blogdoedvaldomagalhaes.com.br\/index.php\/wp-json\/wp\/v2\/categories?post=874"},{"taxonomy":"post_tag","embeddable":true,"href":"https:\/\/blogdoedvaldomagalhaes.com.br\/index.php\/wp-json\/wp\/v2\/tags?post=874"}],"curies":[{"name":"wp","href":"https:\/\/api.w.org\/{rel}","templated":true}]}}