{"id":87393,"date":"2022-09-10T16:29:29","date_gmt":"2022-09-10T19:29:29","guid":{"rendered":"https:\/\/blogdoedvaldomagalhaes.com.br\/?p=87393"},"modified":"2022-09-10T16:29:30","modified_gmt":"2022-09-10T19:29:30","slug":"delegado-lessa-fortalece-apoios-em-sao-caitano","status":"publish","type":"post","link":"https:\/\/blogdoedvaldomagalhaes.com.br\/index.php\/2022\/09\/10\/delegado-lessa-fortalece-apoios-em-sao-caitano\/","title":{"rendered":"Delegado Lessa fortalece apoios em S\u00e3o Caitano"},"content":{"rendered":"<p style=\"text-align: justify;\"><span style=\"font-size: inherit;\">Seguindo em movimentada campanha rumo \u00e0 reelei\u00e7\u00e3o, o deputado estadual Delegado Lessa esteve em S\u00e3o Caetano neste s\u00e1bado (10), onde inaugurou um comit\u00ea de campanha popular. O evento foi bastante prestigiado por lideran\u00e7as pol\u00edticas, como os suplentes de vereadores J\u00fanior da Sa\u00fade e In\u00e1cio Guerreiro. O deputado ainda prestigiou a solenidade de anivers\u00e1rio de uma cl\u00ednica odontol\u00f3gica e deu um giro pelo com\u00e9rcio local, tamb\u00e9m sendo bem recebido por comerciantes e compradores na feira livre.<\/span><\/p>\n<p style=\"text-align: justify;\">\nO deputado prestou contas do seu trabalho e apresentou uma plataforma de compromissos para o segundo mandato. \u201cN\u00f3s mostramos que \u00e9 poss\u00edvel para um deputado trazer respostas \u00e0 popula\u00e7\u00e3o. Com a for\u00e7a do povo, vamos renovar essa esperan\u00e7a e seguir juntos na constru\u00e7\u00e3o de dias melhores para nossa gente\u201d, declarou.<\/p>\n<p style=\"text-align: justify;\">Lessa tem a\u00e7\u00f5es efetivas em prol do munic\u00edpio de S\u00e3o Caetano, a exemplo da destina\u00e7\u00e3o de recursos para a pavimenta\u00e7\u00e3o de 16 ruas. O parlamentar tamb\u00e9m articulou intensifica\u00e7\u00e3o na seguran\u00e7a p\u00fablica na sede e na \u00e1rea rural, sobretudo no distrito de Tapiraim.<\/p>\n<p style=\"text-align: justify;\">Consolidado como uma das principais for\u00e7as pol\u00edticas em Caruaru, o deputado conta com n\u00facleos de apoio em aproximadamente 50 munic\u00edpios. Al\u00e9m de S\u00e3o Caetano, Lessa tem apoios em Taquaritinga do Norte, Bezerros, Carpina, Paulista, Toritama, Santa Cruz do Capibaribe, Altinho, Cupira e Panelas, entre outras cidades.<\/p>\n<p style=\"text-align: justify;\">Foto: Viliane Gomes<\/p>\n","protected":false},"excerpt":{"rendered":"<p>Seguindo em movimentada campanha rumo \u00e0 reelei\u00e7\u00e3o, o deputado estadual Delegado Lessa esteve em S\u00e3o Caetano neste s\u00e1bado (10), onde&hellip;<\/p>\n","protected":false},"author":1,"featured_media":87394,"comment_status":"open","ping_status":"open","sticky":false,"template":"","format":"standard","meta":{"footnotes":""},"categories":[14122],"tags":[2,19532,3406,25523,23065,20],"class_list":["post-87393","post","type-post","status-publish","format-standard","has-post-thumbnail","hentry","category-politica","tag-blog-do-edvaldo-magalhaes","tag-blog-mais-acessado-e-visualizado-de-caruaru-e-regiao","tag-caruaru","tag-delegado-lessa-fortalece-apoios-em-sao-caitano","tag-eleicao","tag-politica"],"_links":{"self":[{"href":"https:\/\/blogdoedvaldomagalhaes.com.br\/index.php\/wp-json\/wp\/v2\/posts\/87393","targetHints":{"allow":["GET"]}}],"collection":[{"href":"https:\/\/blogdoedvaldomagalhaes.com.br\/index.php\/wp-json\/wp\/v2\/posts"}],"about":[{"href":"https:\/\/blogdoedvaldomagalhaes.com.br\/index.php\/wp-json\/wp\/v2\/types\/post"}],"author":[{"embeddable":true,"href":"https:\/\/blogdoedvaldomagalhaes.com.br\/index.php\/wp-json\/wp\/v2\/users\/1"}],"replies":[{"embeddable":true,"href":"https:\/\/blogdoedvaldomagalhaes.com.br\/index.php\/wp-json\/wp\/v2\/comments?post=87393"}],"version-history":[{"count":1,"href":"https:\/\/blogdoedvaldomagalhaes.com.br\/index.php\/wp-json\/wp\/v2\/posts\/87393\/revisions"}],"predecessor-version":[{"id":87395,"href":"https:\/\/blogdoedvaldomagalhaes.com.br\/index.php\/wp-json\/wp\/v2\/posts\/87393\/revisions\/87395"}],"wp:featuredmedia":[{"embeddable":true,"href":"https:\/\/blogdoedvaldomagalhaes.com.br\/index.php\/wp-json\/wp\/v2\/media\/87394"}],"wp:attachment":[{"href":"https:\/\/blogdoedvaldomagalhaes.com.br\/index.php\/wp-json\/wp\/v2\/media?parent=87393"}],"wp:term":[{"taxonomy":"category","embeddable":true,"href":"https:\/\/blogdoedvaldomagalhaes.com.br\/index.php\/wp-json\/wp\/v2\/categories?post=87393"},{"taxonomy":"post_tag","embeddable":true,"href":"https:\/\/blogdoedvaldomagalhaes.com.br\/index.php\/wp-json\/wp\/v2\/tags?post=87393"}],"curies":[{"name":"wp","href":"https:\/\/api.w.org\/{rel}","templated":true}]}}