{"id":87385,"date":"2022-09-10T12:23:59","date_gmt":"2022-09-10T15:23:59","guid":{"rendered":"https:\/\/blogdoedvaldomagalhaes.com.br\/?p=87385"},"modified":"2022-09-10T13:46:32","modified_gmt":"2022-09-10T16:46:32","slug":"homem-morre-apos-colisao-frontal-entre-moto-e-carro-na-br-232","status":"publish","type":"post","link":"https:\/\/blogdoedvaldomagalhaes.com.br\/index.php\/2022\/09\/10\/homem-morre-apos-colisao-frontal-entre-moto-e-carro-na-br-232\/","title":{"rendered":"Homem morre ap\u00f3s colis\u00e3o frontal entre moto e carro na BR 232"},"content":{"rendered":"<p style=\"text-align: justify;\">O sinistro ocorreu nessa sexta-feira (09), por volta das 20h30, no km 213,6 da BR 232, em Pesqueira.<\/p>\n<p style=\"text-align: justify;\">O condutor da motocicleta que era inabilitado, Jo\u00e3o Bosco da Silva, de 45 anos, faleceu no local depois da colis\u00e3o frontal em um ve\u00edculo \u00d4nix. O corpo foi encaminhado para o IML de Caruaru.<\/p>\n<p style=\"text-align: justify;\">O motorista do carro n\u00e3o ficou ferido e permaneceu no local. Ele realizou o teste do baf\u00f4metro e o resultado foi normal, sendo liberado ap\u00f3s prestar esclarecimentos para a pol\u00edcia.<\/p>\n<p style=\"text-align: justify;\">Al\u00e9m da PRF, o IC, IML, Corpo de Bombeiros e Detran estiveram no local. A Pol\u00edcia Civil vai investigar o caso.<\/p>\n\n\n<figure class=\"wp-block-image size-large\"><img loading=\"lazy\" decoding=\"async\" width=\"1024\" height=\"768\" src=\"https:\/\/blogdoedvaldomagalhaes.com.br\/wp-content\/uploads\/2022\/09\/IMG-20220910-WA0051-1024x768.jpg\" alt=\"\" class=\"wp-image-87387\" srcset=\"https:\/\/blogdoedvaldomagalhaes.com.br\/wp-content\/uploads\/2022\/09\/IMG-20220910-WA0051-1024x768.jpg 1024w, https:\/\/blogdoedvaldomagalhaes.com.br\/wp-content\/uploads\/2022\/09\/IMG-20220910-WA0051-300x225.jpg 300w, https:\/\/blogdoedvaldomagalhaes.com.br\/wp-content\/uploads\/2022\/09\/IMG-20220910-WA0051-768x576.jpg 768w, https:\/\/blogdoedvaldomagalhaes.com.br\/wp-content\/uploads\/2022\/09\/IMG-20220910-WA0051-160x120.jpg 160w, https:\/\/blogdoedvaldomagalhaes.com.br\/wp-content\/uploads\/2022\/09\/IMG-20220910-WA0051.jpg 1280w\" sizes=\"auto, (max-width: 1024px) 100vw, 1024px\" \/><figcaption>Fotos: Divulga\u00e7\u00e3o<\/figcaption><\/figure>\n","protected":false},"excerpt":{"rendered":"<p>O sinistro ocorreu nessa sexta-feira (09), por volta das 20h30, no km 213,6 da BR 232, em Pesqueira. O condutor&hellip;<\/p>\n","protected":false},"author":1,"featured_media":87386,"comment_status":"open","ping_status":"open","sticky":false,"template":"","format":"standard","meta":{"footnotes":""},"categories":[14120],"tags":[14276,2,19532,3406,25522],"class_list":["post-87385","post","type-post","status-publish","format-standard","has-post-thumbnail","hentry","category-noticias","tag-acidente","tag-blog-do-edvaldo-magalhaes","tag-blog-mais-acessado-e-visualizado-de-caruaru-e-regiao","tag-caruaru","tag-homem-morre-apos-colisao-frontal-entre-moto-e-carro-na-br-232"],"_links":{"self":[{"href":"https:\/\/blogdoedvaldomagalhaes.com.br\/index.php\/wp-json\/wp\/v2\/posts\/87385","targetHints":{"allow":["GET"]}}],"collection":[{"href":"https:\/\/blogdoedvaldomagalhaes.com.br\/index.php\/wp-json\/wp\/v2\/posts"}],"about":[{"href":"https:\/\/blogdoedvaldomagalhaes.com.br\/index.php\/wp-json\/wp\/v2\/types\/post"}],"author":[{"embeddable":true,"href":"https:\/\/blogdoedvaldomagalhaes.com.br\/index.php\/wp-json\/wp\/v2\/users\/1"}],"replies":[{"embeddable":true,"href":"https:\/\/blogdoedvaldomagalhaes.com.br\/index.php\/wp-json\/wp\/v2\/comments?post=87385"}],"version-history":[{"count":3,"href":"https:\/\/blogdoedvaldomagalhaes.com.br\/index.php\/wp-json\/wp\/v2\/posts\/87385\/revisions"}],"predecessor-version":[{"id":87391,"href":"https:\/\/blogdoedvaldomagalhaes.com.br\/index.php\/wp-json\/wp\/v2\/posts\/87385\/revisions\/87391"}],"wp:featuredmedia":[{"embeddable":true,"href":"https:\/\/blogdoedvaldomagalhaes.com.br\/index.php\/wp-json\/wp\/v2\/media\/87386"}],"wp:attachment":[{"href":"https:\/\/blogdoedvaldomagalhaes.com.br\/index.php\/wp-json\/wp\/v2\/media?parent=87385"}],"wp:term":[{"taxonomy":"category","embeddable":true,"href":"https:\/\/blogdoedvaldomagalhaes.com.br\/index.php\/wp-json\/wp\/v2\/categories?post=87385"},{"taxonomy":"post_tag","embeddable":true,"href":"https:\/\/blogdoedvaldomagalhaes.com.br\/index.php\/wp-json\/wp\/v2\/tags?post=87385"}],"curies":[{"name":"wp","href":"https:\/\/api.w.org\/{rel}","templated":true}]}}