{"id":87382,"date":"2022-09-10T12:01:59","date_gmt":"2022-09-10T15:01:59","guid":{"rendered":"https:\/\/blogdoedvaldomagalhaes.com.br\/?p=87382"},"modified":"2022-09-10T12:02:00","modified_gmt":"2022-09-10T15:02:00","slug":"homem-compra-moto-roubada-pela-internet-e-e-detido-pela-prf","status":"publish","type":"post","link":"https:\/\/blogdoedvaldomagalhaes.com.br\/index.php\/2022\/09\/10\/homem-compra-moto-roubada-pela-internet-e-e-detido-pela-prf\/","title":{"rendered":"Homem compra moto roubada pela internet e \u00e9 detido pela PRF"},"content":{"rendered":"<p style=\"text-align: justify;\"><span style=\"font-size: inherit;\">Um homem que estava em uma motocicleta roubada foi detido, na noite de sexta-feira (9), pela Pol\u00edcia Rodovi\u00e1ria Federal (PRF), na BR 116, em Salgueiro, no Sert\u00e3o pernambucano. O ve\u00edculo teria sido adquirido a partir de um an\u00fancio postado em um aplicativo na internet.<\/span><\/p>\n<p style=\"text-align: justify;\">Durante a abordagem, a equipe da PRF verificou que a moto possu\u00eda diversos sinais de adultera\u00e7\u00e3o e portava placas clonadas. Ao descobrir o ve\u00edculo original, foi constatado que o ve\u00edculo havia sido roubado em fevereiro do ano passado, em Caucaia, no Cear\u00e1.<\/p>\n<p style=\"text-align: justify;\">O condutor informou que tinha adquirido a moto por R$3.250,00 na cidade de Juazeiro do Norte\/CE. Ele disse tamb\u00e9m que havia visto o an\u00fancio em um grupo online de compra e venda de ve\u00edculos e que tinha a c\u00f3pia de um recibo da transa\u00e7\u00e3o.<\/p>\n<p style=\"text-align: justify;\">O homem foi encaminhado \u00e0 Delegacia de Pol\u00edcia Civil de Salgueiro, que ir\u00e1 investigar o caso.<\/p>\n","protected":false},"excerpt":{"rendered":"<p>Um homem que estava em uma motocicleta roubada foi detido, na noite de sexta-feira (9), pela Pol\u00edcia Rodovi\u00e1ria Federal (PRF),&hellip;<\/p>\n","protected":false},"author":1,"featured_media":87383,"comment_status":"open","ping_status":"open","sticky":false,"template":"","format":"standard","meta":{"footnotes":""},"categories":[14121],"tags":[2,19532,3406,25521],"class_list":["post-87382","post","type-post","status-publish","format-standard","has-post-thumbnail","hentry","category-policial","tag-blog-do-edvaldo-magalhaes","tag-blog-mais-acessado-e-visualizado-de-caruaru-e-regiao","tag-caruaru","tag-homem-compra-moto-roubada-pela-internet-e-e-detido-pela-prf"],"_links":{"self":[{"href":"https:\/\/blogdoedvaldomagalhaes.com.br\/index.php\/wp-json\/wp\/v2\/posts\/87382","targetHints":{"allow":["GET"]}}],"collection":[{"href":"https:\/\/blogdoedvaldomagalhaes.com.br\/index.php\/wp-json\/wp\/v2\/posts"}],"about":[{"href":"https:\/\/blogdoedvaldomagalhaes.com.br\/index.php\/wp-json\/wp\/v2\/types\/post"}],"author":[{"embeddable":true,"href":"https:\/\/blogdoedvaldomagalhaes.com.br\/index.php\/wp-json\/wp\/v2\/users\/1"}],"replies":[{"embeddable":true,"href":"https:\/\/blogdoedvaldomagalhaes.com.br\/index.php\/wp-json\/wp\/v2\/comments?post=87382"}],"version-history":[{"count":1,"href":"https:\/\/blogdoedvaldomagalhaes.com.br\/index.php\/wp-json\/wp\/v2\/posts\/87382\/revisions"}],"predecessor-version":[{"id":87384,"href":"https:\/\/blogdoedvaldomagalhaes.com.br\/index.php\/wp-json\/wp\/v2\/posts\/87382\/revisions\/87384"}],"wp:featuredmedia":[{"embeddable":true,"href":"https:\/\/blogdoedvaldomagalhaes.com.br\/index.php\/wp-json\/wp\/v2\/media\/87383"}],"wp:attachment":[{"href":"https:\/\/blogdoedvaldomagalhaes.com.br\/index.php\/wp-json\/wp\/v2\/media?parent=87382"}],"wp:term":[{"taxonomy":"category","embeddable":true,"href":"https:\/\/blogdoedvaldomagalhaes.com.br\/index.php\/wp-json\/wp\/v2\/categories?post=87382"},{"taxonomy":"post_tag","embeddable":true,"href":"https:\/\/blogdoedvaldomagalhaes.com.br\/index.php\/wp-json\/wp\/v2\/tags?post=87382"}],"curies":[{"name":"wp","href":"https:\/\/api.w.org\/{rel}","templated":true}]}}