{"id":873,"date":"2018-10-28T15:17:00","date_gmt":"2018-10-28T17:17:00","guid":{"rendered":"http:\/\/blogdoedvaldomagalhaes.com.br\/index.php\/2018\/10\/28\/incendio-em-vegetacao-nas-proximidades\/"},"modified":"2019-02-09T02:37:19","modified_gmt":"2019-02-09T04:37:19","slug":"incendio-em-vegetacao-nas-proximidades","status":"publish","type":"post","link":"https:\/\/blogdoedvaldomagalhaes.com.br\/index.php\/2018\/10\/28\/incendio-em-vegetacao-nas-proximidades\/","title":{"rendered":"Inc\u00eandio em vegeta\u00e7\u00e3o nas proximidades do HRA em Caruaru"},"content":{"rendered":"<div class=\"separator\" style=\"clear: both; text-align: center;\">\n<a href=\"https:\/\/1.bp.blogspot.com\/-jF1TIooF9zM\/W9XS54hdGYI\/AAAAAAAA8jw\/CPnFvI9sJu0oyH2FR1wUeN7_Uorv6dgAwCLcBGAs\/s1600\/IMG-20181028-WA0068.jpg\" imageanchor=\"1\" style=\"margin-left: 1em; margin-right: 1em;\"><img loading=\"lazy\" decoding=\"async\" border=\"0\" data-original-height=\"720\" data-original-width=\"1280\" height=\"360\" src=\"http:\/\/blogdoedvaldomagalhaes.com.br\/wp-content\/uploads\/2018\/10\/IMG-20181028-WA0068.jpg\" width=\"640\" \/><\/a><\/div>\n<p><\/p>\n<div class=\"separator\" style=\"clear: both; text-align: center;\">\n<a href=\"https:\/\/3.bp.blogspot.com\/-qNwNXwdTCOQ\/W9XS6ydYTVI\/AAAAAAAA8j0\/flzKsLKnv9AbdFQXxyco6_ycLzfRydQRQCLcBGAs\/s1600\/IMG-20181028-WA0067.jpg\" imageanchor=\"1\" style=\"margin-left: 1em; margin-right: 1em;\"><img loading=\"lazy\" decoding=\"async\" border=\"0\" data-original-height=\"720\" data-original-width=\"1280\" height=\"360\" src=\"http:\/\/blogdoedvaldomagalhaes.com.br\/wp-content\/uploads\/2018\/10\/IMG-20181028-WA0067.jpg\" width=\"640\" \/><\/a><\/div>\n<p><\/p>\n<div class=\"separator\" style=\"clear: both; text-align: center;\">\n<a href=\"https:\/\/2.bp.blogspot.com\/-kfsWkXWxQBI\/W9XS82q_CtI\/AAAAAAAA8j4\/dW-mtKqRjuAG0pikfjNB3yXBrOdbxT9ogCLcBGAs\/s1600\/IMG-20181028-WA0065.jpg\" imageanchor=\"1\" style=\"margin-left: 1em; margin-right: 1em;\"><img loading=\"lazy\" decoding=\"async\" border=\"0\" data-original-height=\"720\" data-original-width=\"1280\" height=\"360\" src=\"http:\/\/blogdoedvaldomagalhaes.com.br\/wp-content\/uploads\/2018\/10\/IMG-20181028-WA0065.jpg\" width=\"640\" \/><\/a><\/div>\n<div class=\"separator\" style=\"clear: both; text-align: center;\">\nFotos: Dido Montenegro<\/div>\n<p><\/p>\n<div style=\"text-align: justify;\">\nNeste momento est\u00e1 acontecendo um inc\u00eandio na vegeta\u00e7\u00e3o nas proximidades do Hospital Regional do Agreste (HRA), em Caruaru. O Corpo de Bombeiros j\u00e1 est\u00e1 no local.<\/p>\n<\/div>\n","protected":false},"excerpt":{"rendered":"<p>Fotos: Dido Montenegro Neste momento est\u00e1 acontecendo um inc\u00eandio na vegeta\u00e7\u00e3o nas proximidades do Hospital Regional do Agreste (HRA), em&hellip;<\/p>\n","protected":false},"author":1,"featured_media":0,"comment_status":"open","ping_status":"open","sticky":false,"template":"","format":"standard","meta":{"footnotes":""},"categories":[1],"tags":[2,817,6],"class_list":["post-873","post","type-post","status-publish","format-standard","hentry","category-sem-categoria","tag-blog-do-edvaldo-magalhaes","tag-incendio-em-vegetacao-nas-proximidades-do-hra-em-caruaru","tag-noticias"],"_links":{"self":[{"href":"https:\/\/blogdoedvaldomagalhaes.com.br\/index.php\/wp-json\/wp\/v2\/posts\/873","targetHints":{"allow":["GET"]}}],"collection":[{"href":"https:\/\/blogdoedvaldomagalhaes.com.br\/index.php\/wp-json\/wp\/v2\/posts"}],"about":[{"href":"https:\/\/blogdoedvaldomagalhaes.com.br\/index.php\/wp-json\/wp\/v2\/types\/post"}],"author":[{"embeddable":true,"href":"https:\/\/blogdoedvaldomagalhaes.com.br\/index.php\/wp-json\/wp\/v2\/users\/1"}],"replies":[{"embeddable":true,"href":"https:\/\/blogdoedvaldomagalhaes.com.br\/index.php\/wp-json\/wp\/v2\/comments?post=873"}],"version-history":[{"count":1,"href":"https:\/\/blogdoedvaldomagalhaes.com.br\/index.php\/wp-json\/wp\/v2\/posts\/873\/revisions"}],"predecessor-version":[{"id":35343,"href":"https:\/\/blogdoedvaldomagalhaes.com.br\/index.php\/wp-json\/wp\/v2\/posts\/873\/revisions\/35343"}],"wp:attachment":[{"href":"https:\/\/blogdoedvaldomagalhaes.com.br\/index.php\/wp-json\/wp\/v2\/media?parent=873"}],"wp:term":[{"taxonomy":"category","embeddable":true,"href":"https:\/\/blogdoedvaldomagalhaes.com.br\/index.php\/wp-json\/wp\/v2\/categories?post=873"},{"taxonomy":"post_tag","embeddable":true,"href":"https:\/\/blogdoedvaldomagalhaes.com.br\/index.php\/wp-json\/wp\/v2\/tags?post=873"}],"curies":[{"name":"wp","href":"https:\/\/api.w.org\/{rel}","templated":true}]}}