{"id":8726,"date":"2016-08-05T15:57:00","date_gmt":"2016-08-05T18:57:00","guid":{"rendered":"http:\/\/blogdoedvaldomagalhaes.com.br\/index.php\/2016\/08\/05\/diretoria-do-sindloja-esta-indignada\/"},"modified":"2019-02-09T00:53:47","modified_gmt":"2019-02-09T02:53:47","slug":"diretoria-do-sindloja-esta-indignada","status":"publish","type":"post","link":"https:\/\/blogdoedvaldomagalhaes.com.br\/index.php\/2016\/08\/05\/diretoria-do-sindloja-esta-indignada\/","title":{"rendered":"Diretoria do Sindloja est\u00e1 indignada com decis\u00e3o a Prefeitura"},"content":{"rendered":"<div class=\"separator\" style=\"clear: both; text-align: center;\">\n<a href=\"https:\/\/3.bp.blogspot.com\/-Y_fXLB1tmgY\/V6S3INkeP0I\/AAAAAAAADyI\/kd56SRLg5WIT456LP61qoZhcaRZppD6rQCLcB\/s1600\/sindloja.jpg\" imageanchor=\"1\" style=\"margin-left: 1em; margin-right: 1em;\"><img loading=\"lazy\" decoding=\"async\" border=\"0\" height=\"273\" src=\"http:\/\/blogdoedvaldomagalhaes.com.br\/wp-content\/uploads\/2016\/08\/sindloja.jpg\" width=\"400\" \/><\/a><\/div>\n<div style=\"background-color: white; line-height: 19.32px; margin-bottom: 6px; text-align: justify;\">\n<b>NOTA:<\/b>&nbsp;<\/div>\n<div style=\"background-color: white; line-height: 19.32px; margin-bottom: 6px; text-align: justify;\">\n<\/div>\n<div style=\"background-color: white; line-height: 19.32px; margin-bottom: 6px; text-align: justify;\">\nO Sindloja vem a p\u00fablico mostrar sua indigna\u00e7\u00e3o pela decis\u00e3o da Prefeitura de Caruaru em abrir novamente a Rua Duque de Caixas, no centro de Caruaru, para a passagem de \u00f4nibus, antes mesmo de cumprir os tr\u00eas dias de teste sem tr\u00e2nsito de carros e \u00f4nibus no local.<\/div>\n<div style=\"background-color: white; line-height: 19.32px; margin-bottom: 6px; margin-top: 6px; text-align: justify;\">\nA diretoria acredita que a decis\u00e3o foi tomada de forma precipitada e sem ouvir a opini\u00e3o das entidades de classe que estavam envolvidas na ideia de implantar um cal\u00e7ad\u00e3o para pedestre na Rua Duque de Caixas<\/div>\n","protected":false},"excerpt":{"rendered":"<p>NOTA:&nbsp; O Sindloja vem a p\u00fablico mostrar sua indigna\u00e7\u00e3o pela decis\u00e3o da Prefeitura de Caruaru em abrir novamente a Rua&hellip;<\/p>\n","protected":false},"author":1,"featured_media":0,"comment_status":"open","ping_status":"open","sticky":false,"template":"","format":"standard","meta":{"footnotes":""},"categories":[1],"tags":[2,3791,13049,6,6540],"class_list":["post-8726","post","type-post","status-publish","format-standard","hentry","category-sem-categoria","tag-blog-do-edvaldo-magalhaes","tag-centro-de-caruaru","tag-diretoria-do-sindloja-esta-indignada-com-decisao-a-prefeitura","tag-noticias","tag-rua-duque-de-caxias"],"_links":{"self":[{"href":"https:\/\/blogdoedvaldomagalhaes.com.br\/index.php\/wp-json\/wp\/v2\/posts\/8726","targetHints":{"allow":["GET"]}}],"collection":[{"href":"https:\/\/blogdoedvaldomagalhaes.com.br\/index.php\/wp-json\/wp\/v2\/posts"}],"about":[{"href":"https:\/\/blogdoedvaldomagalhaes.com.br\/index.php\/wp-json\/wp\/v2\/types\/post"}],"author":[{"embeddable":true,"href":"https:\/\/blogdoedvaldomagalhaes.com.br\/index.php\/wp-json\/wp\/v2\/users\/1"}],"replies":[{"embeddable":true,"href":"https:\/\/blogdoedvaldomagalhaes.com.br\/index.php\/wp-json\/wp\/v2\/comments?post=8726"}],"version-history":[{"count":1,"href":"https:\/\/blogdoedvaldomagalhaes.com.br\/index.php\/wp-json\/wp\/v2\/posts\/8726\/revisions"}],"predecessor-version":[{"id":11054,"href":"https:\/\/blogdoedvaldomagalhaes.com.br\/index.php\/wp-json\/wp\/v2\/posts\/8726\/revisions\/11054"}],"wp:attachment":[{"href":"https:\/\/blogdoedvaldomagalhaes.com.br\/index.php\/wp-json\/wp\/v2\/media?parent=8726"}],"wp:term":[{"taxonomy":"category","embeddable":true,"href":"https:\/\/blogdoedvaldomagalhaes.com.br\/index.php\/wp-json\/wp\/v2\/categories?post=8726"},{"taxonomy":"post_tag","embeddable":true,"href":"https:\/\/blogdoedvaldomagalhaes.com.br\/index.php\/wp-json\/wp\/v2\/tags?post=8726"}],"curies":[{"name":"wp","href":"https:\/\/api.w.org\/{rel}","templated":true}]}}